{"id":44445,"date":"2016-02-15T14:15:25","date_gmt":"2016-02-15T11:15:25","guid":{"rendered":"http:\/\/www.tucomarca.com\/wordpress\/segunda\/?p=44445"},"modified":"2016-02-15T14:15:25","modified_gmt":"2016-02-15T11:15:25","slug":"benifaio-disfrutara-el-sabado-20-de-febrero-de-una-tradicional-baixa-de-la-corda-en-la-plaza-mayor","status":"publish","type":"post","link":"https:\/\/www.tucomarca.com\/wordpress\/segunda\/benifaio-disfrutara-el-sabado-20-de-febrero-de-una-tradicional-baixa-de-la-corda-en-la-plaza-mayor\/","title":{"rendered":"Benifai\u00f3 disfrutar\u00e1 el s\u00e1bado 20 de febrero de una tradicional \u00abbaix\u00e0 de la cord\u00e0\u00bb en la Plaza Mayor"},"content":{"rendered":"<p>Las Pe\u00f1as El Coet y El Xiflec de Benifai\u00f3 han organizado para el pr\u00f3ximo s\u00e1bado 20 de febrero a las 20:00h en la Plaza Mayor de Benifai\u00f3 lo que han denominado como \u00abMig any Corder\u00bb y que tendr\u00e1 una duraci\u00f3n de 1 hora.<\/p>\n<p>Para celebrar que s\u00f3lo quedan 6 meses para llevar a cabo durante las fiestas de agosto la tradicional cord\u00e0, las pe\u00f1as ofrecer\u00e1n una tradicional \u201cbaix\u00e0 de la cord\u00e0\u201d como se hac\u00eda antiguamente y que servir\u00e1 adem\u00e1s para rendir homenaje \u00abA nuestros Mayores\u00bb.<\/p>\n","protected":false},"excerpt":{"rendered":"<div class=\"mh-excerpt\">Las Pe\u00f1as El Coet y El Xiflec de Benifai\u00f3 han organizado para el pr\u00f3ximo s\u00e1bado 20 de febrero a las 20:00h en la Plaza Mayor de Benifai\u00f3 lo que han denominado como \u00abMig any Corder\u00bb <a class=\"mh-excerpt-more\" href=\"https:\/\/www.tucomarca.com\/wordpress\/segunda\/benifaio-disfrutara-el-sabado-20-de-febrero-de-una-tradicional-baixa-de-la-corda-en-la-plaza-mayor\/\" title=\"Benifai\u00f3 disfrutar\u00e1 el s\u00e1bado 20 de febrero de una tradicional \u00abbaix\u00e0 de la cord\u00e0\u00bb en la Plaza Mayor\">[+] <\/a><\/div>\n","protected":false},"author":2,"featured_media":0,"comment_status":"open","ping_status":"open","sticky":false,"template":"","format":"standard","meta":{"footnotes":""},"categories":[4,3],"tags":[10030,10460,1054],"class_list":{"0":"post-44445","1":"post","2":"type-post","3":"status-publish","4":"format-standard","6":"category-agenda","7":"category-seccion","8":"tag-baixa","9":"tag-benifaio","10":"tag-corda"},"_links":{"self":[{"href":"https:\/\/www.tucomarca.com\/wordpress\/segunda\/wp-json\/wp\/v2\/posts\/44445","targetHints":{"allow":["GET"]}}],"collection":[{"href":"https:\/\/www.tucomarca.com\/wordpress\/segunda\/wp-json\/wp\/v2\/posts"}],"about":[{"href":"https:\/\/www.tucomarca.com\/wordpress\/segunda\/wp-json\/wp\/v2\/types\/post"}],"author":[{"embeddable":true,"href":"https:\/\/www.tucomarca.com\/wordpress\/segunda\/wp-json\/wp\/v2\/users\/2"}],"replies":[{"embeddable":true,"href":"https:\/\/www.tucomarca.com\/wordpress\/segunda\/wp-json\/wp\/v2\/comments?post=44445"}],"version-history":[{"count":0,"href":"https:\/\/www.tucomarca.com\/wordpress\/segunda\/wp-json\/wp\/v2\/posts\/44445\/revisions"}],"wp:attachment":[{"href":"https:\/\/www.tucomarca.com\/wordpress\/segunda\/wp-json\/wp\/v2\/media?parent=44445"}],"wp:term":[{"taxonomy":"category","embeddable":true,"href":"https:\/\/www.tucomarca.com\/wordpress\/segunda\/wp-json\/wp\/v2\/categories?post=44445"},{"taxonomy":"post_tag","embeddable":true,"href":"https:\/\/www.tucomarca.com\/wordpress\/segunda\/wp-json\/wp\/v2\/tags?post=44445"}],"curies":[{"name":"wp","href":"https:\/\/api.w.org\/{rel}","templated":true}]}}