{"id":4445,"date":"2012-06-29T16:16:07","date_gmt":"2012-06-29T14:16:07","guid":{"rendered":"http:\/\/www.tucomarca.com\/wordpress\/segunda\/?p=4445"},"modified":"2012-06-29T16:16:07","modified_gmt":"2012-06-29T14:16:07","slug":"video-valoracion-de-alberto-fabra-del-incendio-de-cortes-de-pallas-en-el-centro-de-emergencias-de-yatova","status":"publish","type":"post","link":"https:\/\/www.tucomarca.com\/wordpress\/segunda\/video-valoracion-de-alberto-fabra-del-incendio-de-cortes-de-pallas-en-el-centro-de-emergencias-de-yatova\/","title":{"rendered":"V\u00eddeo: valoraci\u00f3n de Alberto Fabra del incendio de Cortes de Pall\u00e1s en el Centro de Emergencias de Y\u00e1tova"},"content":{"rendered":"<p>Os ofrecemos la valoraci\u00f3n captada por los micr\u00f3fonos de <strong>tucomarca televisi\u00f3n<\/strong> del President de la Generalitat, Alberto Fabra, del estado del incendio que desde la tarde del jueves asola los montes de Cortes de Pall\u00e1s, Macastre, Dos Aguas y Montroy.<\/p>\n","protected":false},"excerpt":{"rendered":"<div class=\"mh-excerpt\">Os ofrecemos la valoraci\u00f3n captada por los micr\u00f3fonos de tucomarca televisi\u00f3n del President de la Generalitat, Alberto Fabra, del estado del incendio que desde la tarde del jueves asola los montes de Cortes de Pall\u00e1s, <a class=\"mh-excerpt-more\" href=\"https:\/\/www.tucomarca.com\/wordpress\/segunda\/video-valoracion-de-alberto-fabra-del-incendio-de-cortes-de-pallas-en-el-centro-de-emergencias-de-yatova\/\" title=\"V\u00eddeo: valoraci\u00f3n de Alberto Fabra del incendio de Cortes de Pall\u00e1s en el Centro de Emergencias de Y\u00e1tova\">[+] <\/a><\/div>\n","protected":false},"author":1,"featured_media":0,"comment_status":"open","ping_status":"open","sticky":false,"template":"","format":"standard","meta":{"footnotes":""},"categories":[38,40,15,8,10,13,3,116,26,11],"tags":[],"class_list":{"0":"post-4445","1":"post","2":"type-post","3":"status-publish","4":"format-standard","6":"category-ayora-cofrentes","7":"category-cortes-de-pallas","8":"category-dos-aguas","9":"category-la-comarca","10":"category-la-hoya","11":"category-macastre","12":"category-seccion","13":"category-sucesos-la-comarca","14":"category-video","15":"category-yatova"},"_links":{"self":[{"href":"https:\/\/www.tucomarca.com\/wordpress\/segunda\/wp-json\/wp\/v2\/posts\/4445","targetHints":{"allow":["GET"]}}],"collection":[{"href":"https:\/\/www.tucomarca.com\/wordpress\/segunda\/wp-json\/wp\/v2\/posts"}],"about":[{"href":"https:\/\/www.tucomarca.com\/wordpress\/segunda\/wp-json\/wp\/v2\/types\/post"}],"author":[{"embeddable":true,"href":"https:\/\/www.tucomarca.com\/wordpress\/segunda\/wp-json\/wp\/v2\/users\/1"}],"replies":[{"embeddable":true,"href":"https:\/\/www.tucomarca.com\/wordpress\/segunda\/wp-json\/wp\/v2\/comments?post=4445"}],"version-history":[{"count":0,"href":"https:\/\/www.tucomarca.com\/wordpress\/segunda\/wp-json\/wp\/v2\/posts\/4445\/revisions"}],"wp:attachment":[{"href":"https:\/\/www.tucomarca.com\/wordpress\/segunda\/wp-json\/wp\/v2\/media?parent=4445"}],"wp:term":[{"taxonomy":"category","embeddable":true,"href":"https:\/\/www.tucomarca.com\/wordpress\/segunda\/wp-json\/wp\/v2\/categories?post=4445"},{"taxonomy":"post_tag","embeddable":true,"href":"https:\/\/www.tucomarca.com\/wordpress\/segunda\/wp-json\/wp\/v2\/tags?post=4445"}],"curies":[{"name":"wp","href":"https:\/\/api.w.org\/{rel}","templated":true}]}}