{"id":4450,"date":"2012-06-29T20:25:00","date_gmt":"2012-06-29T18:25:00","guid":{"rendered":"http:\/\/www.tucomarca.com\/wordpress\/segunda\/?p=4450"},"modified":"2012-06-29T20:30:49","modified_gmt":"2012-06-29T18:30:49","slug":"castellano-mantiene-una-reunion-con-los-alcaldes-de-los-municipios-afectados-para-explicar-la-evolucion-del-incendio","status":"publish","type":"post","link":"https:\/\/www.tucomarca.com\/wordpress\/segunda\/castellano-mantiene-una-reunion-con-los-alcaldes-de-los-municipios-afectados-para-explicar-la-evolucion-del-incendio\/","title":{"rendered":"Castellano mantiene una reuni\u00f3n con los alcaldes de los municipios afectados para explicar la evoluci\u00f3n del incendio"},"content":{"rendered":"<p>&nbsp;<\/p>\n<p>&nbsp;<\/p>\n<p>\u00ab<\/p>\n<figure id=\"attachment_4496\" aria-describedby=\"caption-attachment-4496\" style=\"width: 300px\" class=\"wp-caption alignleft\"><a href=\"https:\/\/www.tucomarca.com\/wordpress\/segunda\/wp-content\/uploads\/2012\/06\/alcaldescastellano.jpg\"><img loading=\"lazy\" decoding=\"async\" class=\"size-medium wp-image-4496 \" title=\"alcaldescastellano\" src=\"https:\/\/www.tucomarca.com\/wordpress\/segunda\/wp-content\/uploads\/2012\/06\/alcaldescastellano-300x224.jpg\" alt=\"El conseller Seraf\u00edn Castellano junto a los alcaldes de la zona en el puesto de mando avanzado.\" width=\"300\" height=\"224\" srcset=\"https:\/\/www.tucomarca.com\/wordpress\/segunda\/wp-content\/uploads\/2012\/06\/alcaldescastellano-300x224.jpg 300w, https:\/\/www.tucomarca.com\/wordpress\/segunda\/wp-content\/uploads\/2012\/06\/alcaldescastellano.jpg 600w\" sizes=\"auto, (max-width: 300px) 100vw, 300px\" \/><\/a><figcaption id=\"caption-attachment-4496\" class=\"wp-caption-text\">El conseller Seraf\u00edn Castellano junto a los alcaldes de la zona en el puesto de mando avanzado.<\/figcaption><\/figure>\n<p>El conseller de Gobernaci\u00f3n, Seraf\u00edn Castellano, mantiene en estos momentos una reuni\u00f3n con los alcaldes de los municipios afectados por el incendio de Cortes de Pall\u00e1s para valorar\u00a0 la evoluci\u00f3n del incendio.<\/p>\n<p>Entre las primeras informaciones que han trascendido de la reuni\u00f3n, se encuentra que han sido \u00abm\u00e1s de 900 personas las desalojadas entre ayer y hoy\u00bb; as\u00ed como que laprioridad de los servicios de emergencia es \u00abproteger n\u00facleos urbanos y viviendas diseminadas\u00bb<\/p>\n<p>El Conseller de Gobernaci\u00f3n tambi\u00e9n ha subrayado lo \u00abcomplicado\u00bb que est\u00e1siendo combatar este incnedio, entre otros motivos porque \u00abesta tarde hemos tenido vientos de hasta 40 km y una humedad de 15%\u00bb, en palabras del responsabel de gobernaci\u00f3n. Adem\u00e1s no ha ocultado que los efectivos de extinci\u00f3n est\u00e1n haciendo \u00abverdaderos esfuerzos de contenci\u00f3n en la zona de Macastre, y en Millares para que no salte el fuego la presa\u00bb.<\/p>\n<p>Castellano tambi\u00e9n se ha felicitado de que \u00aba pesar del numeros\u00edsimos recursos de medios, no hemos lamentado incidencias sanitarias importantes\u00bb.<\/p>\n<p>El conseller ha a\u00f1adido que adem\u00e1s \u00abhemos tenido una complicaci\u00f3n a\u00f1adida, un incendio en una zona boscosa de Andilla y hemos reestructrado los medios. Hemos desalojado tres aldeas de forma preventiva. Tambi\u00e9n hay un PMA y un ERIE en Villar\u00bb.<\/p>\n<div><a href=\"https:\/\/twitter.com\/gva_112cv\/status\/218770646547701762\"><strong> <\/strong><\/a><\/div>\n<div><a href=\"https:\/\/twitter.com\/gva_112cv\/status\/218770646547701762\"><strong> <\/strong><\/a><\/div>\n","protected":false},"excerpt":{"rendered":"<div class=\"mh-excerpt\">&nbsp; &nbsp; \u00ab El conseller de Gobernaci\u00f3n, Seraf\u00edn Castellano, mantiene en estos momentos una reuni\u00f3n con los alcaldes de los municipios afectados por el incendio de Cortes de Pall\u00e1s para valorar\u00a0 la evoluci\u00f3n del incendio. <a class=\"mh-excerpt-more\" href=\"https:\/\/www.tucomarca.com\/wordpress\/segunda\/castellano-mantiene-una-reunion-con-los-alcaldes-de-los-municipios-afectados-para-explicar-la-evolucion-del-incendio\/\" title=\"Castellano mantiene una reuni\u00f3n con los alcaldes de los municipios afectados para explicar la evoluci\u00f3n del incendio\">[+] <\/a><\/div>\n","protected":false},"author":1,"featured_media":4496,"comment_status":"open","ping_status":"open","sticky":false,"template":"","format":"standard","meta":{"footnotes":""},"categories":[19,155,40,15,8,10,97,13,160,3,116,43,45,11],"tags":[],"class_list":{"0":"post-4450","1":"post","2":"type-post","3":"status-publish","4":"format-standard","5":"has-post-thumbnail","7":"category-alborache","8":"category-catadau","9":"category-cortes-de-pallas","10":"category-dos-aguas","11":"category-la-comarca","12":"category-la-hoya","13":"category-llombai","14":"category-macastre","15":"category-montroi","16":"category-seccion","17":"category-sucesos-la-comarca","18":"category-turis","19":"category-ventana","20":"category-yatova"},"_links":{"self":[{"href":"https:\/\/www.tucomarca.com\/wordpress\/segunda\/wp-json\/wp\/v2\/posts\/4450","targetHints":{"allow":["GET"]}}],"collection":[{"href":"https:\/\/www.tucomarca.com\/wordpress\/segunda\/wp-json\/wp\/v2\/posts"}],"about":[{"href":"https:\/\/www.tucomarca.com\/wordpress\/segunda\/wp-json\/wp\/v2\/types\/post"}],"author":[{"embeddable":true,"href":"https:\/\/www.tucomarca.com\/wordpress\/segunda\/wp-json\/wp\/v2\/users\/1"}],"replies":[{"embeddable":true,"href":"https:\/\/www.tucomarca.com\/wordpress\/segunda\/wp-json\/wp\/v2\/comments?post=4450"}],"version-history":[{"count":0,"href":"https:\/\/www.tucomarca.com\/wordpress\/segunda\/wp-json\/wp\/v2\/posts\/4450\/revisions"}],"wp:featuredmedia":[{"embeddable":true,"href":"https:\/\/www.tucomarca.com\/wordpress\/segunda\/wp-json\/wp\/v2\/media\/4496"}],"wp:attachment":[{"href":"https:\/\/www.tucomarca.com\/wordpress\/segunda\/wp-json\/wp\/v2\/media?parent=4450"}],"wp:term":[{"taxonomy":"category","embeddable":true,"href":"https:\/\/www.tucomarca.com\/wordpress\/segunda\/wp-json\/wp\/v2\/categories?post=4450"},{"taxonomy":"post_tag","embeddable":true,"href":"https:\/\/www.tucomarca.com\/wordpress\/segunda\/wp-json\/wp\/v2\/tags?post=4450"}],"curies":[{"name":"wp","href":"https:\/\/api.w.org\/{rel}","templated":true}]}}