{"id":4451,"date":"2012-06-29T16:58:05","date_gmt":"2012-06-29T14:58:05","guid":{"rendered":"http:\/\/www.tucomarca.com\/wordpress\/segunda\/?p=4451"},"modified":"2012-06-29T16:58:43","modified_gmt":"2012-06-29T14:58:43","slug":"las-llamas-se-aproximan-al-casco-urbano-de-macastre","status":"publish","type":"post","link":"https:\/\/www.tucomarca.com\/wordpress\/segunda\/las-llamas-se-aproximan-al-casco-urbano-de-macastre\/","title":{"rendered":"Las llamas se aproximan al casco urbano de Macastre y obligan a desalojar la guarder\u00eda en Alborache"},"content":{"rendered":"<p><figure id=\"attachment_4452\" aria-describedby=\"caption-attachment-4452\" style=\"width: 300px\" class=\"wp-caption alignleft\"><a href=\"https:\/\/www.tucomarca.com\/wordpress\/segunda\/?attachment_id=4452\" rel=\"attachment wp-att-4452\"><img loading=\"lazy\" decoding=\"async\" src=\"https:\/\/www.tucomarca.com\/wordpress\/segunda\/wp-content\/uploads\/2012\/06\/DSCN1703-300x225.jpg\" alt=\"\" title=\"DSCN1703\" width=\"300\" height=\"225\" class=\"size-medium wp-image-4452\" srcset=\"https:\/\/www.tucomarca.com\/wordpress\/segunda\/wp-content\/uploads\/2012\/06\/DSCN1703-300x225.jpg 300w, https:\/\/www.tucomarca.com\/wordpress\/segunda\/wp-content\/uploads\/2012\/06\/DSCN1703-1024x768.jpg 1024w\" sizes=\"auto, (max-width: 300px) 100vw, 300px\" \/><\/a><figcaption id=\"caption-attachment-4452\" class=\"wp-caption-text\">Foto tomada desde El Bolot de Macastre. tc.c<\/figcaption><\/figure>El fuego sigue sin control por diversos t\u00e9rminos municipales, acerc\u00e1ndose incluso a cascos urbanos poblados como el de Macastre.<br \/>\nHace apenas unos segundos, la m\u00e1xima autoridad local, la alcaldesa M\u00aa Jos\u00e9 Casero, ha confirmado que no se les ha planteado la evacuaci\u00f3n del municipio, aunque las llamas se acercan por el paraje conocido como Los Garroferales.<br \/>\nDesde los puntos m\u00e1s altos de Macastre, los vecinos observan la evoluci\u00f3n del fuego y se preparan para lo peor.<\/p>\n<p>Tambi\u00e9n afecta a Alborache<br \/>\nFuentes municipales han confirmado que las llamas ya han tocado t\u00e9rmino municipal de Alborache, concretamente las zonas del Barranco Nel y Soca\u00f1a, aunque no ha llegado al casco urbano.<br \/>\nSeg\u00fan ha podido conocer este semanario, la cercan\u00eda del fuego ha obligado a desalojar la guarder\u00eda municipal ubicada en el antiguo colegio.<\/p>\n","protected":false},"excerpt":{"rendered":"<div class=\"mh-excerpt\">El fuego sigue sin control por diversos t\u00e9rminos municipales, acerc\u00e1ndose incluso a cascos urbanos poblados como el de Macastre. Hace apenas unos segundos, la m\u00e1xima autoridad local, la alcaldesa M\u00aa Jos\u00e9 Casero, ha confirmado que <a class=\"mh-excerpt-more\" href=\"https:\/\/www.tucomarca.com\/wordpress\/segunda\/las-llamas-se-aproximan-al-casco-urbano-de-macastre\/\" title=\"Las llamas se aproximan al casco urbano de Macastre y obligan a desalojar la guarder\u00eda en Alborache\">[+] <\/a><\/div>\n","protected":false},"author":2,"featured_media":4452,"comment_status":"open","ping_status":"open","sticky":false,"template":"","format":"standard","meta":{"footnotes":""},"categories":[19,8,10,13,3,116,45],"tags":[],"class_list":{"0":"post-4451","1":"post","2":"type-post","3":"status-publish","4":"format-standard","5":"has-post-thumbnail","7":"category-alborache","8":"category-la-comarca","9":"category-la-hoya","10":"category-macastre","11":"category-seccion","12":"category-sucesos-la-comarca","13":"category-ventana"},"_links":{"self":[{"href":"https:\/\/www.tucomarca.com\/wordpress\/segunda\/wp-json\/wp\/v2\/posts\/4451","targetHints":{"allow":["GET"]}}],"collection":[{"href":"https:\/\/www.tucomarca.com\/wordpress\/segunda\/wp-json\/wp\/v2\/posts"}],"about":[{"href":"https:\/\/www.tucomarca.com\/wordpress\/segunda\/wp-json\/wp\/v2\/types\/post"}],"author":[{"embeddable":true,"href":"https:\/\/www.tucomarca.com\/wordpress\/segunda\/wp-json\/wp\/v2\/users\/2"}],"replies":[{"embeddable":true,"href":"https:\/\/www.tucomarca.com\/wordpress\/segunda\/wp-json\/wp\/v2\/comments?post=4451"}],"version-history":[{"count":0,"href":"https:\/\/www.tucomarca.com\/wordpress\/segunda\/wp-json\/wp\/v2\/posts\/4451\/revisions"}],"wp:featuredmedia":[{"embeddable":true,"href":"https:\/\/www.tucomarca.com\/wordpress\/segunda\/wp-json\/wp\/v2\/media\/4452"}],"wp:attachment":[{"href":"https:\/\/www.tucomarca.com\/wordpress\/segunda\/wp-json\/wp\/v2\/media?parent=4451"}],"wp:term":[{"taxonomy":"category","embeddable":true,"href":"https:\/\/www.tucomarca.com\/wordpress\/segunda\/wp-json\/wp\/v2\/categories?post=4451"},{"taxonomy":"post_tag","embeddable":true,"href":"https:\/\/www.tucomarca.com\/wordpress\/segunda\/wp-json\/wp\/v2\/tags?post=4451"}],"curies":[{"name":"wp","href":"https:\/\/api.w.org\/{rel}","templated":true}]}}