{"id":44521,"date":"2016-02-17T14:37:56","date_gmt":"2016-02-17T11:37:56","guid":{"rendered":"http:\/\/www.tucomarca.com\/wordpress\/segunda\/?p=44521"},"modified":"2016-02-17T14:38:00","modified_gmt":"2016-02-17T11:38:00","slug":"los-usuarios-de-la-residencia-y-centro-de-dia-carmen-pico-del-ivas-en-alzira-celebran-una-fiesta-de-disfraces","status":"publish","type":"post","link":"https:\/\/www.tucomarca.com\/wordpress\/segunda\/los-usuarios-de-la-residencia-y-centro-de-dia-carmen-pico-del-ivas-en-alzira-celebran-una-fiesta-de-disfraces\/","title":{"rendered":"Los usuarios de la Residencia y Centro de D\u00eda Carmen Pic\u00f3 del IVAS en Alzira celebran una fiesta de disfraces"},"content":{"rendered":"<p><a href=\"https:\/\/www.tucomarca.com\/wordpress\/segunda\/2016\/02\/los-usuarios-de-la-residencia-y-centro-de-dia-carmen-pico-del-ivas-en-alzira-celebran-una-fiesta-de-disfraces\/cranaval_carmen_pico_1\/\" rel=\"attachment wp-att-44522\"><img loading=\"lazy\" decoding=\"async\" src=\"https:\/\/www.tucomarca.com\/wordpress\/segunda\/wp-content\/uploads\/2016\/02\/Cranaval_Carmen_Pico_1-300x225.jpg\" alt=\"\" title=\"Carnaval_Carmen_Pico_1\" width=\"300\" height=\"225\" class=\"alignleft size-medium wp-image-44522\" srcset=\"https:\/\/www.tucomarca.com\/wordpress\/segunda\/wp-content\/uploads\/2016\/02\/Cranaval_Carmen_Pico_1-300x225.jpg 300w, https:\/\/www.tucomarca.com\/wordpress\/segunda\/wp-content\/uploads\/2016\/02\/Cranaval_Carmen_Pico_1-1024x768.jpg 1024w, https:\/\/www.tucomarca.com\/wordpress\/segunda\/wp-content\/uploads\/2016\/02\/Cranaval_Carmen_Pico_1.jpg 1600w\" sizes=\"auto, (max-width: 300px) 100vw, 300px\" \/><\/a>Personas con diversidad funcional intelectual, usuarios de la Residencia y Centro de D\u00eda Carmen Pic\u00f3 del Instituto Valenciano de Acci\u00f3n Social (IVAS) en Alzira han celebrado una fiesta de carnaval ataviados con sus mejores disfraces y complementos. Junto a los profesionales del centro consiguieron emular a un variado repertorio de personajes.<br \/>\nLa celebraci\u00f3n de los Carnavales se suspendi\u00f3 debido a las inclemencias meteorol\u00f3gicas aplaz\u00e1ndose para esta semana.<\/p>\n","protected":false},"excerpt":{"rendered":"<div class=\"mh-excerpt\">Personas con diversidad funcional intelectual, usuarios de la Residencia y Centro de D\u00eda Carmen Pic\u00f3 del Instituto Valenciano de Acci\u00f3n Social (IVAS) en Alzira han celebrado una fiesta de carnaval ataviados con sus mejores disfraces <a class=\"mh-excerpt-more\" href=\"https:\/\/www.tucomarca.com\/wordpress\/segunda\/los-usuarios-de-la-residencia-y-centro-de-dia-carmen-pico-del-ivas-en-alzira-celebran-una-fiesta-de-disfraces\/\" title=\"Los usuarios de la Residencia y Centro de D\u00eda Carmen Pic\u00f3 del IVAS en Alzira celebran una fiesta de disfraces\">[+] <\/a><\/div>\n","protected":false},"author":2,"featured_media":44522,"comment_status":"open","ping_status":"open","sticky":false,"template":"","format":"standard","meta":{"footnotes":""},"categories":[69,8,42,3],"tags":[10402,3412,2701,9282,2505,736],"class_list":{"0":"post-44521","1":"post","2":"type-post","3":"status-publish","4":"format-standard","5":"has-post-thumbnail","7":"category-alzira","8":"category-la-comarca","9":"category-la-ribera","10":"category-seccion","11":"tag-alzira","12":"tag-carnaval","13":"tag-celebran","14":"tag-centro-de-dia","15":"tag-ivas","16":"tag-residencia"},"_links":{"self":[{"href":"https:\/\/www.tucomarca.com\/wordpress\/segunda\/wp-json\/wp\/v2\/posts\/44521","targetHints":{"allow":["GET"]}}],"collection":[{"href":"https:\/\/www.tucomarca.com\/wordpress\/segunda\/wp-json\/wp\/v2\/posts"}],"about":[{"href":"https:\/\/www.tucomarca.com\/wordpress\/segunda\/wp-json\/wp\/v2\/types\/post"}],"author":[{"embeddable":true,"href":"https:\/\/www.tucomarca.com\/wordpress\/segunda\/wp-json\/wp\/v2\/users\/2"}],"replies":[{"embeddable":true,"href":"https:\/\/www.tucomarca.com\/wordpress\/segunda\/wp-json\/wp\/v2\/comments?post=44521"}],"version-history":[{"count":0,"href":"https:\/\/www.tucomarca.com\/wordpress\/segunda\/wp-json\/wp\/v2\/posts\/44521\/revisions"}],"wp:featuredmedia":[{"embeddable":true,"href":"https:\/\/www.tucomarca.com\/wordpress\/segunda\/wp-json\/wp\/v2\/media\/44522"}],"wp:attachment":[{"href":"https:\/\/www.tucomarca.com\/wordpress\/segunda\/wp-json\/wp\/v2\/media?parent=44521"}],"wp:term":[{"taxonomy":"category","embeddable":true,"href":"https:\/\/www.tucomarca.com\/wordpress\/segunda\/wp-json\/wp\/v2\/categories?post=44521"},{"taxonomy":"post_tag","embeddable":true,"href":"https:\/\/www.tucomarca.com\/wordpress\/segunda\/wp-json\/wp\/v2\/tags?post=44521"}],"curies":[{"name":"wp","href":"https:\/\/api.w.org\/{rel}","templated":true}]}}