{"id":4457,"date":"2012-06-29T17:41:54","date_gmt":"2012-06-29T15:41:54","guid":{"rendered":"http:\/\/www.tucomarca.com\/wordpress\/segunda\/?p=4457"},"modified":"2012-06-29T17:41:54","modified_gmt":"2012-06-29T15:41:54","slug":"la-aldea-de-venta-gaeta-amenazada-por-las-llamas","status":"publish","type":"post","link":"https:\/\/www.tucomarca.com\/wordpress\/segunda\/la-aldea-de-venta-gaeta-amenazada-por-las-llamas\/","title":{"rendered":"La aldea de Venta Gaeta, amenazada por las llamas"},"content":{"rendered":"<p>Tal como han informado fuentes de Cortes de Pall\u00e1s, las llamas amenazan en estos momentos la aldea de Venta Gaeta, sin que los servicios de emergencias puedan frenarlas.<br \/>\nLos vecinos viven estos momentos amenazados por el fuego y a la espera de que se determine el m\u00e1s que posible desalojo de este n\u00facleo urbano.<br \/>\nDe confirmarse la evacuaci\u00f3n, Venta Gaeta se sumar\u00eda a Dos Aguas, El Oro y la urbanizaci\u00f3n de Alturi. Todas ellas sin residentes como medida de precauci\u00f3n.<\/p>\n","protected":false},"excerpt":{"rendered":"<div class=\"mh-excerpt\">Tal como han informado fuentes de Cortes de Pall\u00e1s, las llamas amenazan en estos momentos la aldea de Venta Gaeta, sin que los servicios de emergencias puedan frenarlas. Los vecinos viven estos momentos amenazados por <a class=\"mh-excerpt-more\" href=\"https:\/\/www.tucomarca.com\/wordpress\/segunda\/la-aldea-de-venta-gaeta-amenazada-por-las-llamas\/\" title=\"La aldea de Venta Gaeta, amenazada por las llamas\">[+] <\/a><\/div>\n","protected":false},"author":2,"featured_media":0,"comment_status":"open","ping_status":"open","sticky":false,"template":"","format":"standard","meta":{"footnotes":""},"categories":[38,40,8,10,3,116],"tags":[332],"class_list":{"0":"post-4457","1":"post","2":"type-post","3":"status-publish","4":"format-standard","6":"category-ayora-cofrentes","7":"category-cortes-de-pallas","8":"category-la-comarca","9":"category-la-hoya","10":"category-seccion","11":"category-sucesos-la-comarca","12":"tag-venta-gaeta"},"_links":{"self":[{"href":"https:\/\/www.tucomarca.com\/wordpress\/segunda\/wp-json\/wp\/v2\/posts\/4457","targetHints":{"allow":["GET"]}}],"collection":[{"href":"https:\/\/www.tucomarca.com\/wordpress\/segunda\/wp-json\/wp\/v2\/posts"}],"about":[{"href":"https:\/\/www.tucomarca.com\/wordpress\/segunda\/wp-json\/wp\/v2\/types\/post"}],"author":[{"embeddable":true,"href":"https:\/\/www.tucomarca.com\/wordpress\/segunda\/wp-json\/wp\/v2\/users\/2"}],"replies":[{"embeddable":true,"href":"https:\/\/www.tucomarca.com\/wordpress\/segunda\/wp-json\/wp\/v2\/comments?post=4457"}],"version-history":[{"count":0,"href":"https:\/\/www.tucomarca.com\/wordpress\/segunda\/wp-json\/wp\/v2\/posts\/4457\/revisions"}],"wp:attachment":[{"href":"https:\/\/www.tucomarca.com\/wordpress\/segunda\/wp-json\/wp\/v2\/media?parent=4457"}],"wp:term":[{"taxonomy":"category","embeddable":true,"href":"https:\/\/www.tucomarca.com\/wordpress\/segunda\/wp-json\/wp\/v2\/categories?post=4457"},{"taxonomy":"post_tag","embeddable":true,"href":"https:\/\/www.tucomarca.com\/wordpress\/segunda\/wp-json\/wp\/v2\/tags?post=4457"}],"curies":[{"name":"wp","href":"https:\/\/api.w.org\/{rel}","templated":true}]}}