{"id":4460,"date":"2012-06-29T17:46:55","date_gmt":"2012-06-29T15:46:55","guid":{"rendered":"http:\/\/www.tucomarca.com\/wordpress\/segunda\/?p=4460"},"modified":"2012-06-29T17:46:55","modified_gmt":"2012-06-29T15:46:55","slug":"227-efectivos-y-60-vehiculos-del-consorcio-y-de-las-brigadas-de-la-diputacion-trabajan-en-el-incendio-forestal-de-cortes-de-pallas","status":"publish","type":"post","link":"https:\/\/www.tucomarca.com\/wordpress\/segunda\/227-efectivos-y-60-vehiculos-del-consorcio-y-de-las-brigadas-de-la-diputacion-trabajan-en-el-incendio-forestal-de-cortes-de-pallas\/","title":{"rendered":"227 efectivos y 60 veh\u00edculos del Consorcio y de las brigadas de la Diputaci\u00f3n trabajan en el incendio forestal de Cortes de Pall\u00e1s"},"content":{"rendered":"<div>\n<figure id=\"attachment_4462\" aria-describedby=\"caption-attachment-4462\" style=\"width: 300px\" class=\"wp-caption alignleft\"><a href=\"https:\/\/www.tucomarca.com\/wordpress\/segunda\/wp-content\/uploads\/2012\/06\/la-foto2.jpg\"><img loading=\"lazy\" decoding=\"async\" class=\"size-medium wp-image-4462 \" title=\"la foto2\" src=\"https:\/\/www.tucomarca.com\/wordpress\/segunda\/wp-content\/uploads\/2012\/06\/la-foto2-300x225.jpg\" alt=\"Parte de los medios participantes en la extinci\u00f3n.\" width=\"300\" height=\"225\" srcset=\"https:\/\/www.tucomarca.com\/wordpress\/segunda\/wp-content\/uploads\/2012\/06\/la-foto2-300x225.jpg 300w, https:\/\/www.tucomarca.com\/wordpress\/segunda\/wp-content\/uploads\/2012\/06\/la-foto2.jpg 640w\" sizes=\"auto, (max-width: 300px) 100vw, 300px\" \/><\/a><figcaption id=\"caption-attachment-4462\" class=\"wp-caption-text\">Parte de los medios participantes en la extinci\u00f3n.<\/figcaption><\/figure>\n<p>Un total de 102 efectivos en 35 dotaciones del Consorcio Provincial de  Bomberos de Valencia y 25 brigadas con 125 brigadistas de la empresa  p\u00fablica Imelsa, dependiente de Diputaci\u00f3n, trabajan desde ayer en la  extinci\u00f3n del incendio forestal de Cortes de Pall\u00e0s.<\/p>\n<p>Los diputados provinciales de ambos organismos, Francisco Tarazona y  Rafael P\u00e9rez, se han desplazado esta ma\u00f1ana hasta el Puesto de Mando  Avanzado, situado en el parque forestal de Y\u00e0tova, para conocer de  primera mano junto al president de la Generalitat Valenciana, Alberto  Fabra, la evoluci\u00f3n del incendio.<\/p>\n<p>Salvador Ballesta, director t\u00e9cnico del Consorcio de Bomberos, ha  destacado que se trata de \u201cuno de los incendios forestales m\u00e1s  importantes en la Comunitat Valenciana en los \u00faltimos a\u00f1os\u201d. As\u00ed, ha  detallado que \u201cestamos trabajando por intentar dirigir el incendio hacia  una zona donde podamos controlarlo porque se trata de un \u00e1rea muy  complicada con mucha masa forestal\u201d.<\/p>\n<p>Por su parte Higinio P\u00e9rez, brigadista de Imelsa y alcalde de  Millares, ha destacado la rapidez de las llamas y ha precisado que \u201cayer  en cuatro horas se present\u00f3 de Cortes de Pall\u00e1s a Dos Aguas\u201d.<\/p>\n<\/div>\n","protected":false},"excerpt":{"rendered":"<div class=\"mh-excerpt\">Un total de 102 efectivos en 35 dotaciones del Consorcio Provincial de Bomberos de Valencia y 25 brigadas con 125 brigadistas de la empresa p\u00fablica Imelsa, dependiente de Diputaci\u00f3n, trabajan desde ayer en la extinci\u00f3n <a class=\"mh-excerpt-more\" href=\"https:\/\/www.tucomarca.com\/wordpress\/segunda\/227-efectivos-y-60-vehiculos-del-consorcio-y-de-las-brigadas-de-la-diputacion-trabajan-en-el-incendio-forestal-de-cortes-de-pallas\/\" title=\"227 efectivos y 60 veh\u00edculos del Consorcio y de las brigadas de la Diputaci\u00f3n trabajan en el incendio forestal de Cortes de Pall\u00e1s\">[+] <\/a><\/div>\n","protected":false},"author":1,"featured_media":4462,"comment_status":"open","ping_status":"open","sticky":false,"template":"","format":"standard","meta":{"footnotes":""},"categories":[19,38,40,15,8,10,42,160,3,116,45,11],"tags":[],"class_list":{"0":"post-4460","1":"post","2":"type-post","3":"status-publish","4":"format-standard","5":"has-post-thumbnail","7":"category-alborache","8":"category-ayora-cofrentes","9":"category-cortes-de-pallas","10":"category-dos-aguas","11":"category-la-comarca","12":"category-la-hoya","13":"category-la-ribera","14":"category-montroi","15":"category-seccion","16":"category-sucesos-la-comarca","17":"category-ventana","18":"category-yatova"},"_links":{"self":[{"href":"https:\/\/www.tucomarca.com\/wordpress\/segunda\/wp-json\/wp\/v2\/posts\/4460","targetHints":{"allow":["GET"]}}],"collection":[{"href":"https:\/\/www.tucomarca.com\/wordpress\/segunda\/wp-json\/wp\/v2\/posts"}],"about":[{"href":"https:\/\/www.tucomarca.com\/wordpress\/segunda\/wp-json\/wp\/v2\/types\/post"}],"author":[{"embeddable":true,"href":"https:\/\/www.tucomarca.com\/wordpress\/segunda\/wp-json\/wp\/v2\/users\/1"}],"replies":[{"embeddable":true,"href":"https:\/\/www.tucomarca.com\/wordpress\/segunda\/wp-json\/wp\/v2\/comments?post=4460"}],"version-history":[{"count":0,"href":"https:\/\/www.tucomarca.com\/wordpress\/segunda\/wp-json\/wp\/v2\/posts\/4460\/revisions"}],"wp:featuredmedia":[{"embeddable":true,"href":"https:\/\/www.tucomarca.com\/wordpress\/segunda\/wp-json\/wp\/v2\/media\/4462"}],"wp:attachment":[{"href":"https:\/\/www.tucomarca.com\/wordpress\/segunda\/wp-json\/wp\/v2\/media?parent=4460"}],"wp:term":[{"taxonomy":"category","embeddable":true,"href":"https:\/\/www.tucomarca.com\/wordpress\/segunda\/wp-json\/wp\/v2\/categories?post=4460"},{"taxonomy":"post_tag","embeddable":true,"href":"https:\/\/www.tucomarca.com\/wordpress\/segunda\/wp-json\/wp\/v2\/tags?post=4460"}],"curies":[{"name":"wp","href":"https:\/\/api.w.org\/{rel}","templated":true}]}}