{"id":44699,"date":"2016-02-22T16:41:23","date_gmt":"2016-02-22T13:41:23","guid":{"rendered":"http:\/\/www.tucomarca.com\/wordpress\/segunda\/?p=44699"},"modified":"2016-02-22T16:41:27","modified_gmt":"2016-02-22T13:41:27","slug":"la-comision-mitja-capa-de-benifaio-presenta-a-sus-falleras-mayores-y-presidente-infantil-de-2016","status":"publish","type":"post","link":"https:\/\/www.tucomarca.com\/wordpress\/segunda\/la-comision-mitja-capa-de-benifaio-presenta-a-sus-falleras-mayores-y-presidente-infantil-de-2016\/","title":{"rendered":"La comisi\u00f3n Mitja Capa de Benifai\u00f3 presenta a sus Falleras Mayores y Presidente Infantil de 2016"},"content":{"rendered":"<p><a href=\"https:\/\/www.tucomarca.com\/wordpress\/segunda\/2016\/02\/la-comision-mitja-capa-de-benifaio-presenta-a-sus-falleras-mayores-y-presidente-infantil-de-2016\/benifaio-28\/\" rel=\"attachment wp-att-44700\"><img loading=\"lazy\" decoding=\"async\" src=\"https:\/\/www.tucomarca.com\/wordpress\/segunda\/wp-content\/uploads\/2016\/02\/benifaio2-254x300.jpg\" alt=\"\" title=\"benifaio\" width=\"254\" height=\"300\" class=\"alignleft size-medium wp-image-44700\" srcset=\"https:\/\/www.tucomarca.com\/wordpress\/segunda\/wp-content\/uploads\/2016\/02\/benifaio2-254x300.jpg 254w, https:\/\/www.tucomarca.com\/wordpress\/segunda\/wp-content\/uploads\/2016\/02\/benifaio2.jpg 840w\" sizes=\"auto, (max-width: 254px) 100vw, 254px\" \/><\/a>Siguiendo con el calendario de presentaciones falleras en Benifai\u00f3, el pasado fin de semana fue el turno de la comisi\u00f3n Mitja Capa.<\/p>\n<p>El s\u00e1bado Mar\u00eda Asunci\u00f3n Llanos Marco fue presentada como Fallera Mayor 2016. El domingo los protagonistas fueron Lydia Fontestad Rosa y \u00c1lex Fern\u00e1ndez Romay como Fallera Mayor Infantil y Presidente Infantil de 2016.<\/p>\n<p>La falla celebra este a\u00f1o su 40 aniversario, por lo que durante las presentaciones se ofreci\u00f3 un homenaje a los 40 monumentos plantados por la comisi\u00f3n destacando el trabajo y el ingenio del artista fallero a lo largo de las 4 d\u00e9cada de existencia de la falla.<\/p>\n","protected":false},"excerpt":{"rendered":"<div class=\"mh-excerpt\">Siguiendo con el calendario de presentaciones falleras en Benifai\u00f3, el pasado fin de semana fue el turno de la comisi\u00f3n Mitja Capa. El s\u00e1bado Mar\u00eda Asunci\u00f3n Llanos Marco fue presentada como Fallera Mayor 2016. El <a class=\"mh-excerpt-more\" href=\"https:\/\/www.tucomarca.com\/wordpress\/segunda\/la-comision-mitja-capa-de-benifaio-presenta-a-sus-falleras-mayores-y-presidente-infantil-de-2016\/\" title=\"La comisi\u00f3n Mitja Capa de Benifai\u00f3 presenta a sus Falleras Mayores y Presidente Infantil de 2016\">[+] <\/a><\/div>\n","protected":false},"author":2,"featured_media":44700,"comment_status":"open","ping_status":"open","sticky":false,"template":"","format":"standard","meta":{"footnotes":""},"categories":[267,8,42,3],"tags":[10460,2491,3338,614],"class_list":{"0":"post-44699","1":"post","2":"type-post","3":"status-publish","4":"format-standard","5":"has-post-thumbnail","7":"category-benifaio","8":"category-la-comarca","9":"category-la-ribera","10":"category-seccion","11":"tag-benifaio","12":"tag-falleras-mayores","13":"tag-mitja-capa","14":"tag-presentacion"},"_links":{"self":[{"href":"https:\/\/www.tucomarca.com\/wordpress\/segunda\/wp-json\/wp\/v2\/posts\/44699","targetHints":{"allow":["GET"]}}],"collection":[{"href":"https:\/\/www.tucomarca.com\/wordpress\/segunda\/wp-json\/wp\/v2\/posts"}],"about":[{"href":"https:\/\/www.tucomarca.com\/wordpress\/segunda\/wp-json\/wp\/v2\/types\/post"}],"author":[{"embeddable":true,"href":"https:\/\/www.tucomarca.com\/wordpress\/segunda\/wp-json\/wp\/v2\/users\/2"}],"replies":[{"embeddable":true,"href":"https:\/\/www.tucomarca.com\/wordpress\/segunda\/wp-json\/wp\/v2\/comments?post=44699"}],"version-history":[{"count":0,"href":"https:\/\/www.tucomarca.com\/wordpress\/segunda\/wp-json\/wp\/v2\/posts\/44699\/revisions"}],"wp:featuredmedia":[{"embeddable":true,"href":"https:\/\/www.tucomarca.com\/wordpress\/segunda\/wp-json\/wp\/v2\/media\/44700"}],"wp:attachment":[{"href":"https:\/\/www.tucomarca.com\/wordpress\/segunda\/wp-json\/wp\/v2\/media?parent=44699"}],"wp:term":[{"taxonomy":"category","embeddable":true,"href":"https:\/\/www.tucomarca.com\/wordpress\/segunda\/wp-json\/wp\/v2\/categories?post=44699"},{"taxonomy":"post_tag","embeddable":true,"href":"https:\/\/www.tucomarca.com\/wordpress\/segunda\/wp-json\/wp\/v2\/tags?post=44699"}],"curies":[{"name":"wp","href":"https:\/\/api.w.org\/{rel}","templated":true}]}}