{"id":4472,"date":"2012-06-29T18:47:15","date_gmt":"2012-06-29T16:47:15","guid":{"rendered":"http:\/\/www.tucomarca.com\/wordpress\/segunda\/?p=4472"},"modified":"2012-06-29T18:47:15","modified_gmt":"2012-06-29T16:47:15","slug":"el-fuego-afecta-ya-a-nueve-terminos-municipales","status":"publish","type":"post","link":"https:\/\/www.tucomarca.com\/wordpress\/segunda\/el-fuego-afecta-ya-a-nueve-terminos-municipales\/","title":{"rendered":"El fuego afecta ya a nueve t\u00e9rminos municipales"},"content":{"rendered":"<p>Seg\u00fan se ha confirmado, el fuego sigue avanzando por t\u00e9rminos municipales muy distantes. En estos momentos, las llamas tocan poblaciones como Cortes de Pall\u00e1s, Dos Aguas, Tur\u00eds, Montroi, Macastre, Alborache, Llombai, Catadau y Y\u00e1tova.<br \/>\nAunque no se ha previsto desalojo alguno en las grandes \u00e1reas pobladas, los servicios de emergencia siguen vigilantes.<br \/>\nEn poco menos de una hora se espera una nueva valoraci\u00f3n del conseller Seraf\u00edn Castellano, aunque ya se sabe que Cruz Roja ha conseguido hospedaje en albergues para las personas evacuadas.<\/p>\n","protected":false},"excerpt":{"rendered":"<div class=\"mh-excerpt\">Seg\u00fan se ha confirmado, el fuego sigue avanzando por t\u00e9rminos municipales muy distantes. En estos momentos, las llamas tocan poblaciones como Cortes de Pall\u00e1s, Dos Aguas, Tur\u00eds, Montroi, Macastre, Alborache, Llombai, Catadau y Y\u00e1tova. Aunque <a class=\"mh-excerpt-more\" href=\"https:\/\/www.tucomarca.com\/wordpress\/segunda\/el-fuego-afecta-ya-a-nueve-terminos-municipales\/\" title=\"El fuego afecta ya a nueve t\u00e9rminos municipales\">[+] <\/a><\/div>\n","protected":false},"author":2,"featured_media":0,"comment_status":"open","ping_status":"open","sticky":false,"template":"","format":"standard","meta":{"footnotes":""},"categories":[38,8,10,42,3,116],"tags":[334],"class_list":{"0":"post-4472","1":"post","2":"type-post","3":"status-publish","4":"format-standard","6":"category-ayora-cofrentes","7":"category-la-comarca","8":"category-la-hoya","9":"category-la-ribera","10":"category-seccion","11":"category-sucesos-la-comarca","12":"tag-fuego"},"_links":{"self":[{"href":"https:\/\/www.tucomarca.com\/wordpress\/segunda\/wp-json\/wp\/v2\/posts\/4472","targetHints":{"allow":["GET"]}}],"collection":[{"href":"https:\/\/www.tucomarca.com\/wordpress\/segunda\/wp-json\/wp\/v2\/posts"}],"about":[{"href":"https:\/\/www.tucomarca.com\/wordpress\/segunda\/wp-json\/wp\/v2\/types\/post"}],"author":[{"embeddable":true,"href":"https:\/\/www.tucomarca.com\/wordpress\/segunda\/wp-json\/wp\/v2\/users\/2"}],"replies":[{"embeddable":true,"href":"https:\/\/www.tucomarca.com\/wordpress\/segunda\/wp-json\/wp\/v2\/comments?post=4472"}],"version-history":[{"count":0,"href":"https:\/\/www.tucomarca.com\/wordpress\/segunda\/wp-json\/wp\/v2\/posts\/4472\/revisions"}],"wp:attachment":[{"href":"https:\/\/www.tucomarca.com\/wordpress\/segunda\/wp-json\/wp\/v2\/media?parent=4472"}],"wp:term":[{"taxonomy":"category","embeddable":true,"href":"https:\/\/www.tucomarca.com\/wordpress\/segunda\/wp-json\/wp\/v2\/categories?post=4472"},{"taxonomy":"post_tag","embeddable":true,"href":"https:\/\/www.tucomarca.com\/wordpress\/segunda\/wp-json\/wp\/v2\/tags?post=4472"}],"curies":[{"name":"wp","href":"https:\/\/api.w.org\/{rel}","templated":true}]}}