{"id":4475,"date":"2012-06-29T18:56:52","date_gmt":"2012-06-29T16:56:52","guid":{"rendered":"http:\/\/www.tucomarca.com\/wordpress\/segunda\/?p=4475"},"modified":"2012-06-29T18:56:52","modified_gmt":"2012-06-29T16:56:52","slug":"video-el-alcalde-de-dos-aguas-explica-como-fue-la-evacuacion-del-pueblo","status":"publish","type":"post","link":"https:\/\/www.tucomarca.com\/wordpress\/segunda\/video-el-alcalde-de-dos-aguas-explica-como-fue-la-evacuacion-del-pueblo\/","title":{"rendered":"V\u00eddeo: El alcalde de Dos Aguas explica c\u00f3mo fue la evacuaci\u00f3n del pueblo"},"content":{"rendered":"<p>El alcalde de Dos Aguas, Jos\u00e9 Ram\u00f3n Grau, relata a <strong>tucomarca televisi\u00f3n<\/strong> c\u00f3mo fue la tensa noche sufrida por los vecinos de la localidad debido al incendio originado en Cortes de Pall\u00e1s y c\u00f3mo fue la evacuaci\u00f3n de los algo m\u00e1s de 500 habitantes de la localidad.<\/p>\n","protected":false},"excerpt":{"rendered":"<div class=\"mh-excerpt\">El alcalde de Dos Aguas, Jos\u00e9 Ram\u00f3n Grau, relata a tucomarca televisi\u00f3n c\u00f3mo fue la tensa noche sufrida por los vecinos de la localidad debido al incendio originado en Cortes de Pall\u00e1s y c\u00f3mo fue <a class=\"mh-excerpt-more\" href=\"https:\/\/www.tucomarca.com\/wordpress\/segunda\/video-el-alcalde-de-dos-aguas-explica-como-fue-la-evacuacion-del-pueblo\/\" title=\"V\u00eddeo: El alcalde de Dos Aguas explica c\u00f3mo fue la evacuaci\u00f3n del pueblo\">[+] <\/a><\/div>\n","protected":false},"author":1,"featured_media":0,"comment_status":"open","ping_status":"open","sticky":false,"template":"","format":"standard","meta":{"footnotes":""},"categories":[19,38,155,40,15,8,10,42,97,13,160,3,116,26,11],"tags":[],"class_list":{"0":"post-4475","1":"post","2":"type-post","3":"status-publish","4":"format-standard","6":"category-alborache","7":"category-ayora-cofrentes","8":"category-catadau","9":"category-cortes-de-pallas","10":"category-dos-aguas","11":"category-la-comarca","12":"category-la-hoya","13":"category-la-ribera","14":"category-llombai","15":"category-macastre","16":"category-montroi","17":"category-seccion","18":"category-sucesos-la-comarca","19":"category-video","20":"category-yatova"},"_links":{"self":[{"href":"https:\/\/www.tucomarca.com\/wordpress\/segunda\/wp-json\/wp\/v2\/posts\/4475","targetHints":{"allow":["GET"]}}],"collection":[{"href":"https:\/\/www.tucomarca.com\/wordpress\/segunda\/wp-json\/wp\/v2\/posts"}],"about":[{"href":"https:\/\/www.tucomarca.com\/wordpress\/segunda\/wp-json\/wp\/v2\/types\/post"}],"author":[{"embeddable":true,"href":"https:\/\/www.tucomarca.com\/wordpress\/segunda\/wp-json\/wp\/v2\/users\/1"}],"replies":[{"embeddable":true,"href":"https:\/\/www.tucomarca.com\/wordpress\/segunda\/wp-json\/wp\/v2\/comments?post=4475"}],"version-history":[{"count":0,"href":"https:\/\/www.tucomarca.com\/wordpress\/segunda\/wp-json\/wp\/v2\/posts\/4475\/revisions"}],"wp:attachment":[{"href":"https:\/\/www.tucomarca.com\/wordpress\/segunda\/wp-json\/wp\/v2\/media?parent=4475"}],"wp:term":[{"taxonomy":"category","embeddable":true,"href":"https:\/\/www.tucomarca.com\/wordpress\/segunda\/wp-json\/wp\/v2\/categories?post=4475"},{"taxonomy":"post_tag","embeddable":true,"href":"https:\/\/www.tucomarca.com\/wordpress\/segunda\/wp-json\/wp\/v2\/tags?post=4475"}],"curies":[{"name":"wp","href":"https:\/\/api.w.org\/{rel}","templated":true}]}}