{"id":44782,"date":"2016-02-24T16:58:36","date_gmt":"2016-02-24T13:58:36","guid":{"rendered":"http:\/\/www.tucomarca.com\/wordpress\/segunda\/?p=44782"},"modified":"2016-02-24T16:58:40","modified_gmt":"2016-02-24T13:58:40","slug":"agricultura-y-medio-ambiente-aumenta-el-control-de-la-calidad-del-aire-en-villar-del-arzobispo","status":"publish","type":"post","link":"https:\/\/www.tucomarca.com\/wordpress\/segunda\/agricultura-y-medio-ambiente-aumenta-el-control-de-la-calidad-del-aire-en-villar-del-arzobispo\/","title":{"rendered":"Agricultura y Medio Ambiente aumenta el control de la calidad del aire en Villar del Arzobispo"},"content":{"rendered":"<p><a href=\"https:\/\/www.tucomarca.com\/wordpress\/segunda\/2016\/02\/agricultura-y-medio-ambiente-aumenta-el-control-de-la-calidad-del-aire-en-villar-del-arzobispo\/villar-2\/\" rel=\"attachment wp-att-44783\"><img loading=\"lazy\" decoding=\"async\" src=\"https:\/\/www.tucomarca.com\/wordpress\/segunda\/wp-content\/uploads\/2016\/02\/villar-300x225.jpg\" alt=\"\" title=\"villar\" width=\"300\" height=\"225\" class=\"alignleft size-medium wp-image-44783\" srcset=\"https:\/\/www.tucomarca.com\/wordpress\/segunda\/wp-content\/uploads\/2016\/02\/villar-300x225.jpg 300w, https:\/\/www.tucomarca.com\/wordpress\/segunda\/wp-content\/uploads\/2016\/02\/villar-1024x768.jpg 1024w, https:\/\/www.tucomarca.com\/wordpress\/segunda\/wp-content\/uploads\/2016\/02\/villar.jpg 1600w\" sizes=\"auto, (max-width: 300px) 100vw, 300px\" \/><\/a>La conselleria de Agricultura, Medio Ambiente, Cambio Clim\u00e1tico y Desarrollo Rural ha incrementado el control de la calidad del aire en la localidad de Villar del Arzobispo mediante la instalaci\u00f3n de un captador de alto volumen con el objetivo de determinar el contenido en material particulado en el aire ambiente.<\/p>\n<p>La conselleria responde as\u00ed a las peticiones del Ayuntamiento de la poblaci\u00f3n, en referencia a las \u201cincidencias medioambientales\u201d relacionadas con el polvo en suspensi\u00f3n. Se ha adoptado esta medida a pesar de que ya existe en el t\u00e9rmino municipal una estaci\u00f3n de la Red Valenciana de Vigilancia y Control de la Contaminaci\u00f3n Atmosf\u00e9rica debido a la incidencia de las actividades mineras y sus empresas auxiliares sobre el casco urbano. <\/p>\n<p>El equipo de medici\u00f3n se ha colocado en la terraza del Centro de Salud y se encuentra en funcionamiento. Si bien los primeros resultados se obtendr\u00e1n a partir de la primera semana de marzo, dada la metodolog\u00eda necesaria para la determinaci\u00f3n de algunos par\u00e1metros y la evaluaci\u00f3n de los resultados obtenidos, el periodo de muestreo se prolongar\u00e1 hasta disponer de suficiente informaci\u00f3n para emitir unos resultados definitivos.<\/p>\n<p>Se trata de un captador de alto volumen, capaz de colectar 30 m3 \/ hora, que recoge las part\u00edculas existentes en el aire ambiente durante un periodo de muestreo de 24 horas, reteniendo las part\u00edculas sobre un filtro de fibra de cuarzo. Estos filtros son remitidos al Laboratorio de Salud Publica de Valencia para su an\u00e1lisis, obteni\u00e9ndose as\u00ed el contenido promedio para cada d\u00eda.<\/p>\n<p>Con esta actuaci\u00f3n se pretende determinar el contenido en part\u00edculas PM10 existente en el aire ambiente del casco urbano de Villar del Arzobispo. Junto con el contenido en part\u00edculas PM10 tambi\u00e9n se efectuar\u00e1n determinaciones de las concentraciones de metales pesados, en concreto se determinar\u00e1 las concentraciones de plomo, cadmio, ars\u00e9nico y n\u00edquel.<\/p>\n<p>En cuanto a los niveles de part\u00edculas obtenidos en 2015, a falta de descontar las aportaciones debidas a intrusiones saharianas, los niveles de part\u00edculas que se detectan en la estaci\u00f3n de Villar del Arzobispo est\u00e1n alejados de los valores l\u00edmites establecidos en la normativa vigente en materia de calidad del aire. <\/p>\n","protected":false},"excerpt":{"rendered":"<div class=\"mh-excerpt\">La conselleria de Agricultura, Medio Ambiente, Cambio Clim\u00e1tico y Desarrollo Rural ha incrementado el control de la calidad del aire en la localidad de Villar del Arzobispo mediante la instalaci\u00f3n de un captador de alto <a class=\"mh-excerpt-more\" href=\"https:\/\/www.tucomarca.com\/wordpress\/segunda\/agricultura-y-medio-ambiente-aumenta-el-control-de-la-calidad-del-aire-en-villar-del-arzobispo\/\" title=\"Agricultura y Medio Ambiente aumenta el control de la calidad del aire en Villar del Arzobispo\">[+] <\/a><\/div>\n","protected":false},"author":2,"featured_media":44783,"comment_status":"open","ping_status":"open","sticky":false,"template":"","format":"standard","meta":{"footnotes":""},"categories":[8,59,117,3,171],"tags":[85,9825,6124,107,10428],"class_list":{"0":"post-44782","1":"post","2":"type-post","3":"status-publish","4":"format-standard","5":"has-post-thumbnail","7":"category-la-comarca","8":"category-los-serranos","9":"category-medio-ambiente-la-comarca","10":"category-seccion","11":"category-villar-del-arzobispo","12":"tag-agricultura","13":"tag-aire","14":"tag-control","15":"tag-medio-ambiente","16":"tag-villar-del-arzobispo"},"_links":{"self":[{"href":"https:\/\/www.tucomarca.com\/wordpress\/segunda\/wp-json\/wp\/v2\/posts\/44782","targetHints":{"allow":["GET"]}}],"collection":[{"href":"https:\/\/www.tucomarca.com\/wordpress\/segunda\/wp-json\/wp\/v2\/posts"}],"about":[{"href":"https:\/\/www.tucomarca.com\/wordpress\/segunda\/wp-json\/wp\/v2\/types\/post"}],"author":[{"embeddable":true,"href":"https:\/\/www.tucomarca.com\/wordpress\/segunda\/wp-json\/wp\/v2\/users\/2"}],"replies":[{"embeddable":true,"href":"https:\/\/www.tucomarca.com\/wordpress\/segunda\/wp-json\/wp\/v2\/comments?post=44782"}],"version-history":[{"count":0,"href":"https:\/\/www.tucomarca.com\/wordpress\/segunda\/wp-json\/wp\/v2\/posts\/44782\/revisions"}],"wp:featuredmedia":[{"embeddable":true,"href":"https:\/\/www.tucomarca.com\/wordpress\/segunda\/wp-json\/wp\/v2\/media\/44783"}],"wp:attachment":[{"href":"https:\/\/www.tucomarca.com\/wordpress\/segunda\/wp-json\/wp\/v2\/media?parent=44782"}],"wp:term":[{"taxonomy":"category","embeddable":true,"href":"https:\/\/www.tucomarca.com\/wordpress\/segunda\/wp-json\/wp\/v2\/categories?post=44782"},{"taxonomy":"post_tag","embeddable":true,"href":"https:\/\/www.tucomarca.com\/wordpress\/segunda\/wp-json\/wp\/v2\/tags?post=44782"}],"curies":[{"name":"wp","href":"https:\/\/api.w.org\/{rel}","templated":true}]}}