{"id":4479,"date":"2012-06-29T19:36:26","date_gmt":"2012-06-29T17:36:26","guid":{"rendered":"http:\/\/www.tucomarca.com\/wordpress\/segunda\/?p=4479"},"modified":"2012-06-29T19:36:26","modified_gmt":"2012-06-29T17:36:26","slug":"turis-macastre-y-yatova-se-preparan-para-acoger-a-los-cerca-de-1-000-evacuados-y-a-los-miembros-de-la-ume","status":"publish","type":"post","link":"https:\/\/www.tucomarca.com\/wordpress\/segunda\/turis-macastre-y-yatova-se-preparan-para-acoger-a-los-cerca-de-1-000-evacuados-y-a-los-miembros-de-la-ume\/","title":{"rendered":"Tur\u00eds, Macastre y Y\u00e1tova se preparan para acoger a los cerca de 1.000 evacuados y a los miembros de la UME"},"content":{"rendered":"<p>Las localidades de Tur\u00eds, Macastre y Y\u00e1tova se preparan para otra larga noche. Los tres municipios han sido elegidos para acoger tanto a las cerca de 1.000 personas que han sido evacuadas, debido al fuego iniciado en Cortes de Pall\u00e1s; como\u00a0 a los miembros de la Unidad Militar de Emergencias, la UME.<\/p>\n<p>Ya que el incendio desatado la tarde del jueves en Cortes de Pall\u00e1s ya afecta tambi\u00e9n a los t\u00e9rminos municipales de Dos Aguas, Macastre, Tur\u00eds, Montroy, Alborache, Catadau, Llombai y Y\u00e1tova.<\/p>\n<p>A la espera de la confirmaci\u00f3n oficial y de la ampliaci\u00f3n de m\u00e1s datos por parte del conseller de Gobernaci\u00f3n, Seraf\u00edn Castellano, las urbaniaciones que han tenido que ser desalojadas, por el peligro del humo, han sido Alturi (Tur\u00eds) y Llanorell (Macastre), mientras que las aldeas afectadas pertenecientes al t\u00e9rmino de Cortes de Pall\u00e1s han sido Otonel, El Oro y Venta Gaeta. El resto no se han visto directamente afectadas.<\/p>\n<p>Como ya ha informado <strong>tucomarca.com<\/strong> en ediciones anteriores, las localides de Macastre, Y\u00e1tova y Tur\u00eds ya llevaron a cabo unatarea similar durante la noceh del juves al viernes.<\/p>\n","protected":false},"excerpt":{"rendered":"<div class=\"mh-excerpt\">Las localidades de Tur\u00eds, Macastre y Y\u00e1tova se preparan para otra larga noche. Los tres municipios han sido elegidos para acoger tanto a las cerca de 1.000 personas que han sido evacuadas, debido al fuego <a class=\"mh-excerpt-more\" href=\"https:\/\/www.tucomarca.com\/wordpress\/segunda\/turis-macastre-y-yatova-se-preparan-para-acoger-a-los-cerca-de-1-000-evacuados-y-a-los-miembros-de-la-ume\/\" title=\"Tur\u00eds, Macastre y Y\u00e1tova se preparan para acoger a los cerca de 1.000 evacuados y a los miembros de la UME\">[+] <\/a><\/div>\n","protected":false},"author":1,"featured_media":4486,"comment_status":"open","ping_status":"open","sticky":false,"template":"","format":"standard","meta":{"footnotes":""},"categories":[19,38,155,40,15,8,10,42,97,13,160,3,116,45],"tags":[],"class_list":{"0":"post-4479","1":"post","2":"type-post","3":"status-publish","4":"format-standard","5":"has-post-thumbnail","7":"category-alborache","8":"category-ayora-cofrentes","9":"category-catadau","10":"category-cortes-de-pallas","11":"category-dos-aguas","12":"category-la-comarca","13":"category-la-hoya","14":"category-la-ribera","15":"category-llombai","16":"category-macastre","17":"category-montroi","18":"category-seccion","19":"category-sucesos-la-comarca","20":"category-ventana"},"_links":{"self":[{"href":"https:\/\/www.tucomarca.com\/wordpress\/segunda\/wp-json\/wp\/v2\/posts\/4479","targetHints":{"allow":["GET"]}}],"collection":[{"href":"https:\/\/www.tucomarca.com\/wordpress\/segunda\/wp-json\/wp\/v2\/posts"}],"about":[{"href":"https:\/\/www.tucomarca.com\/wordpress\/segunda\/wp-json\/wp\/v2\/types\/post"}],"author":[{"embeddable":true,"href":"https:\/\/www.tucomarca.com\/wordpress\/segunda\/wp-json\/wp\/v2\/users\/1"}],"replies":[{"embeddable":true,"href":"https:\/\/www.tucomarca.com\/wordpress\/segunda\/wp-json\/wp\/v2\/comments?post=4479"}],"version-history":[{"count":0,"href":"https:\/\/www.tucomarca.com\/wordpress\/segunda\/wp-json\/wp\/v2\/posts\/4479\/revisions"}],"wp:featuredmedia":[{"embeddable":true,"href":"https:\/\/www.tucomarca.com\/wordpress\/segunda\/wp-json\/wp\/v2\/media\/4486"}],"wp:attachment":[{"href":"https:\/\/www.tucomarca.com\/wordpress\/segunda\/wp-json\/wp\/v2\/media?parent=4479"}],"wp:term":[{"taxonomy":"category","embeddable":true,"href":"https:\/\/www.tucomarca.com\/wordpress\/segunda\/wp-json\/wp\/v2\/categories?post=4479"},{"taxonomy":"post_tag","embeddable":true,"href":"https:\/\/www.tucomarca.com\/wordpress\/segunda\/wp-json\/wp\/v2\/tags?post=4479"}],"curies":[{"name":"wp","href":"https:\/\/api.w.org\/{rel}","templated":true}]}}