{"id":44806,"date":"2016-02-29T21:47:43","date_gmt":"2016-02-29T18:47:43","guid":{"rendered":"http:\/\/www.tucomarca.com\/wordpress\/segunda\/?p=44806"},"modified":"2016-02-29T21:47:43","modified_gmt":"2016-02-29T18:47:43","slug":"el-conseller-deconomia-sostenible-es-reuneix-amb-lalcalde-dalzira-per-a-tractar-questions-energetiques-i-industrials","status":"publish","type":"post","link":"https:\/\/www.tucomarca.com\/wordpress\/segunda\/el-conseller-deconomia-sostenible-es-reuneix-amb-lalcalde-dalzira-per-a-tractar-questions-energetiques-i-industrials\/","title":{"rendered":"El conseller d&#8217;Economia Sostenible es reuneix amb l&#8217;alcalde d&#8217;Alzira per a tractar q\u00fcestions energ\u00e8tiques i industrials"},"content":{"rendered":"<figure id=\"attachment_44836\" aria-describedby=\"caption-attachment-44836\" style=\"width: 300px\" class=\"wp-caption alignleft\"><a href=\"https:\/\/www.tucomarca.com\/wordpress\/segunda\/wp-content\/uploads\/2016\/02\/Alzira3.jpg\"><img loading=\"lazy\" decoding=\"async\" class=\"size-medium wp-image-44836\" title=\"Alzira3\" src=\"https:\/\/www.tucomarca.com\/wordpress\/segunda\/wp-content\/uploads\/2016\/02\/Alzira3-300x200.jpg\" alt=\"El conseller amb els responsables municipals d'Alzira.\" width=\"300\" height=\"200\" srcset=\"https:\/\/www.tucomarca.com\/wordpress\/segunda\/wp-content\/uploads\/2016\/02\/Alzira3-300x200.jpg 300w, https:\/\/www.tucomarca.com\/wordpress\/segunda\/wp-content\/uploads\/2016\/02\/Alzira3-1024x682.jpg 1024w, https:\/\/www.tucomarca.com\/wordpress\/segunda\/wp-content\/uploads\/2016\/02\/Alzira3.jpg 1944w\" sizes=\"auto, (max-width: 300px) 100vw, 300px\" \/><\/a><figcaption id=\"caption-attachment-44836\" class=\"wp-caption-text\">El conseller amb els responsables municipals d&#39;Alzira.<\/figcaption><\/figure>\n<p>El conseller d&#8217;Economia Sostenible, Sectors Productius, Comer\u00e7 i Treball, Rafa Climent, ha mantingut hui dilluns una reuni\u00f3 de treball amb l&#8217;alcalde d&#8217;Alzira, Diego G\u00f3mez, amb el regidor d&#8217;Hisenda i Joventut, Albert Furi\u00f3, i la regidora de Seguretat i Planificaci\u00f3 Urban\u00edstica, Sara Gar\u00e9s.<\/p>\n<p>En la trobada s&#8217;han abordat les inquietuds i problem\u00e0tiques de la ciutat com l&#8217;electrificaci\u00f3 de la urbanitzaci\u00f3 El Respirall, que es troba a la part alta de la localitat, i la ubicaci\u00f3 de la gasolinera de l&#8217;avinguda Luis Su\u00f1er, i de les que el conseller s&#8217;ha comprom\u00e9s a aportar solucions.<\/p>\n<p>En el cas de l&#8217;electrificaci\u00f3 de El Respirall, \u00e9s tracta d&#8217;uns problemes que v\u00e9nen heredats d&#8217;anteriors corporacions i determinen la necessitat de donar llum als habitatges. En aquest cas, Climent i l&#8217;alcalde han tractat la possibilitat de desbloquejar l&#8217;expedient per part de la direcci\u00f3 general d&#8217;Ind\u00fastria i poder electrificar les fases corresponents de la urbanitzaci\u00f3.<\/p>\n<p>Respecte a la ubicaci\u00f3 de la gasolinera de l&#8217;avinguda Luis Su\u00f1er del centre de la ciutat, cal recordar que es tracta d&#8217;una instal\u00b7laci\u00f3 tancada que t\u00e9 una problem\u00e0tica relacionada amb la descontaminaci\u00f3 del s\u00f2l, una situaci\u00f3 que preocupa a l&#8217;actual Ajuntament i que ha rebut tamb\u00e9 la col\u00b7laboraci\u00f3 de la Conselleria d&#8217;Economia Sostenible.<\/p>\n","protected":false},"excerpt":{"rendered":"<div class=\"mh-excerpt\">El conseller d&#8217;Economia Sostenible, Sectors Productius, Comer\u00e7 i Treball, Rafa Climent, ha mantingut hui dilluns una reuni\u00f3 de treball amb l&#8217;alcalde d&#8217;Alzira, Diego G\u00f3mez, amb el regidor d&#8217;Hisenda i Joventut, Albert Furi\u00f3, i la regidora <a class=\"mh-excerpt-more\" href=\"https:\/\/www.tucomarca.com\/wordpress\/segunda\/el-conseller-deconomia-sostenible-es-reuneix-amb-lalcalde-dalzira-per-a-tractar-questions-energetiques-i-industrials\/\" title=\"El conseller d&#8217;Economia Sostenible es reuneix amb l&#8217;alcalde d&#8217;Alzira per a tractar q\u00fcestions energ\u00e8tiques i industrials\">[+] <\/a><\/div>\n","protected":false},"author":1,"featured_media":44836,"comment_status":"open","ping_status":"open","sticky":false,"template":"","format":"standard","meta":{"footnotes":""},"categories":[69,128,8,42,45],"tags":[],"class_list":{"0":"post-44806","1":"post","2":"type-post","3":"status-publish","4":"format-standard","5":"has-post-thumbnail","7":"category-alzira","8":"category-infraestructuras","9":"category-la-comarca","10":"category-la-ribera","11":"category-ventana"},"_links":{"self":[{"href":"https:\/\/www.tucomarca.com\/wordpress\/segunda\/wp-json\/wp\/v2\/posts\/44806","targetHints":{"allow":["GET"]}}],"collection":[{"href":"https:\/\/www.tucomarca.com\/wordpress\/segunda\/wp-json\/wp\/v2\/posts"}],"about":[{"href":"https:\/\/www.tucomarca.com\/wordpress\/segunda\/wp-json\/wp\/v2\/types\/post"}],"author":[{"embeddable":true,"href":"https:\/\/www.tucomarca.com\/wordpress\/segunda\/wp-json\/wp\/v2\/users\/1"}],"replies":[{"embeddable":true,"href":"https:\/\/www.tucomarca.com\/wordpress\/segunda\/wp-json\/wp\/v2\/comments?post=44806"}],"version-history":[{"count":0,"href":"https:\/\/www.tucomarca.com\/wordpress\/segunda\/wp-json\/wp\/v2\/posts\/44806\/revisions"}],"wp:featuredmedia":[{"embeddable":true,"href":"https:\/\/www.tucomarca.com\/wordpress\/segunda\/wp-json\/wp\/v2\/media\/44836"}],"wp:attachment":[{"href":"https:\/\/www.tucomarca.com\/wordpress\/segunda\/wp-json\/wp\/v2\/media?parent=44806"}],"wp:term":[{"taxonomy":"category","embeddable":true,"href":"https:\/\/www.tucomarca.com\/wordpress\/segunda\/wp-json\/wp\/v2\/categories?post=44806"},{"taxonomy":"post_tag","embeddable":true,"href":"https:\/\/www.tucomarca.com\/wordpress\/segunda\/wp-json\/wp\/v2\/tags?post=44806"}],"curies":[{"name":"wp","href":"https:\/\/api.w.org\/{rel}","templated":true}]}}