{"id":44823,"date":"2016-02-29T21:34:06","date_gmt":"2016-02-29T18:34:06","guid":{"rendered":"http:\/\/www.tucomarca.com\/wordpress\/segunda\/?p=44823"},"modified":"2016-02-29T21:34:06","modified_gmt":"2016-02-29T18:34:06","slug":"riba-roja-puede-denuncia-la-destruccion-de-un-camino-rural-por-parte-de-la-cantera-de-carasoles","status":"publish","type":"post","link":"https:\/\/www.tucomarca.com\/wordpress\/segunda\/riba-roja-puede-denuncia-la-destruccion-de-un-camino-rural-por-parte-de-la-cantera-de-carasoles\/","title":{"rendered":"Riba-roja Puede denuncia la destrucci\u00f3n de un camino rural por parte de la cantera de Carasoles"},"content":{"rendered":"<p>En el d\u00eda de hoy, el grupo pol\u00edtico municipal de Riba-roja de T\u00faria, Riba-roja Puede ha presentado denuncia en este ayuntamiento contra la cantera de extracci\u00f3n de \u00e1ridos de Carasoles \u00abpor infracci\u00f3n urban\u00edstica y uso ilegal del suelo p\u00fablico, al comprobar que entre el inventario municipal de suelo se encuentra un camino rural que une el Pla de Tochar con la monta\u00f1a de Carasoles y sin embargo ese camino ya no existe en la actualidad, habi\u00e9ndose \u201cborrado del mapa\u201d al extraer bajo \u00e9l miles de metros c\u00fabicos de \u00e1ridos\u00bb, seg\u00fan han denunciado.<\/p>\n<p>Si bien la explotaci\u00f3n de los terrenos que hab\u00eda bajo el camino se comenzaron a extraer hace a\u00f1os, ha sido Riba-roja Puede el grupo que ha advertido de esta circunstancia y el que ha solicitado que se abra expediente por infracci\u00f3n urban\u00edstica contra la empresa concesionaria de la cantera de Carasoles as\u00ed como que se reclame contra ella los da\u00f1os y perjuicios que esta circunstancia ha provocado al eliminar un camino de propiedad p\u00fablica.<\/p>\n<p>\u201cNo estamos pidiendo que en estos momentos se vuelva a restaurar el camino, puesto que habr\u00eda que realizar un puente de cientos de metros, pero s\u00ed que pedimos que se respete la legalidad, y que si se ha utilizado suelo p\u00fablico para beneficio privado, que se indemnice al consistorio por ello, adem\u00e1s de que conste en su largo expediente de infracciones una infracci\u00f3n urban\u00edstica m\u00e1s\u201d, dijo Rub\u00e9n Ferrer, portavoz de Riba-roja Puede en el ayuntamiento.<\/p>\n<p>As\u00ed mismo, el portavoz Rub\u00e9n Ferrer calific\u00f3 el acto de \u201cpirater\u00eda\u201d, y a\u00f1adi\u00f3 que deber\u00e1n resarcir de este \u201catropello\u201d al ayuntamiento. Adem\u00e1s quiso prevenir de la actuaci\u00f3n de la empresa explotadora diciendo: \u201cesta cantera ha manifestado no tener l\u00edmites de expansi\u00f3n llev\u00e1ndose por delante este camino, y adem\u00e1s seg\u00fan nuestros informes, ya ha solicitado la licencia para extraer la piedra situada bajo la monta\u00f1a del Penyot, zona protegida actualmente por ser zona de influencia de tipo I del Parque Natural del Turia, evidentemente esta petici\u00f3n tuvo informe desfavorable del ayuntamiento, pero la Conseller\u00eda de Industria deber\u00eda estar bajo aviso de esta circunstancia para no otorgar una licencia en suelo protegido.\u201c<\/p>\n","protected":false},"excerpt":{"rendered":"<div class=\"mh-excerpt\">En el d\u00eda de hoy, el grupo pol\u00edtico municipal de Riba-roja de T\u00faria, Riba-roja Puede ha presentado denuncia en este ayuntamiento contra la cantera de extracci\u00f3n de \u00e1ridos de Carasoles \u00abpor infracci\u00f3n urban\u00edstica y uso <a class=\"mh-excerpt-more\" href=\"https:\/\/www.tucomarca.com\/wordpress\/segunda\/riba-roja-puede-denuncia-la-destruccion-de-un-camino-rural-por-parte-de-la-cantera-de-carasoles\/\" title=\"Riba-roja Puede denuncia la destrucci\u00f3n de un camino rural por parte de la cantera de Carasoles\">[+] <\/a><\/div>\n","protected":false},"author":1,"featured_media":0,"comment_status":"open","ping_status":"open","sticky":false,"template":"","format":"standard","meta":{"footnotes":""},"categories":[46,8,182,3,116],"tags":[],"class_list":{"0":"post-44823","1":"post","2":"type-post","3":"status-publish","4":"format-standard","6":"category-camp-de-turia","7":"category-la-comarca","8":"category-riba-roja","9":"category-seccion","10":"category-sucesos-la-comarca"},"_links":{"self":[{"href":"https:\/\/www.tucomarca.com\/wordpress\/segunda\/wp-json\/wp\/v2\/posts\/44823","targetHints":{"allow":["GET"]}}],"collection":[{"href":"https:\/\/www.tucomarca.com\/wordpress\/segunda\/wp-json\/wp\/v2\/posts"}],"about":[{"href":"https:\/\/www.tucomarca.com\/wordpress\/segunda\/wp-json\/wp\/v2\/types\/post"}],"author":[{"embeddable":true,"href":"https:\/\/www.tucomarca.com\/wordpress\/segunda\/wp-json\/wp\/v2\/users\/1"}],"replies":[{"embeddable":true,"href":"https:\/\/www.tucomarca.com\/wordpress\/segunda\/wp-json\/wp\/v2\/comments?post=44823"}],"version-history":[{"count":0,"href":"https:\/\/www.tucomarca.com\/wordpress\/segunda\/wp-json\/wp\/v2\/posts\/44823\/revisions"}],"wp:attachment":[{"href":"https:\/\/www.tucomarca.com\/wordpress\/segunda\/wp-json\/wp\/v2\/media?parent=44823"}],"wp:term":[{"taxonomy":"category","embeddable":true,"href":"https:\/\/www.tucomarca.com\/wordpress\/segunda\/wp-json\/wp\/v2\/categories?post=44823"},{"taxonomy":"post_tag","embeddable":true,"href":"https:\/\/www.tucomarca.com\/wordpress\/segunda\/wp-json\/wp\/v2\/tags?post=44823"}],"curies":[{"name":"wp","href":"https:\/\/api.w.org\/{rel}","templated":true}]}}