{"id":44833,"date":"2016-02-29T21:44:09","date_gmt":"2016-02-29T18:44:09","guid":{"rendered":"http:\/\/www.tucomarca.com\/wordpress\/segunda\/?p=44833"},"modified":"2016-02-29T21:44:09","modified_gmt":"2016-02-29T18:44:09","slug":"el-consell-paga-31-millones-de-euros-al-ayuntamiento-de-riba-roja-por-una-deuda-pendiente-de-la-epoca-de-camps-y-fabra","status":"publish","type":"post","link":"https:\/\/www.tucomarca.com\/wordpress\/segunda\/el-consell-paga-31-millones-de-euros-al-ayuntamiento-de-riba-roja-por-una-deuda-pendiente-de-la-epoca-de-camps-y-fabra\/","title":{"rendered":"El Consell paga 3,1 millones de euros al Ayuntamiento de Riba-roja \u00abpor una deuda pendiente de la \u00e9poca de Camps y Fabra\u00bb"},"content":{"rendered":"<p><strong> <\/strong><\/p>\n<p>La Generalitat Valenciana ha abonado al Ayuntamiento de Riba-roja de T\u00faria los 3&#8217;1 millones de euros que la administraci\u00f3n auton\u00f3mica ten\u00eda pendiente de ingresar en las arcas municipales correspondientes a diversos proyectos e iniciativas que se hab\u00eda llevado cabo entre ambas partes y cuyo origen se remonta a la \u00e9poca en la que el Consell estaba presidido por Francisco Camps y, a continuaci\u00f3n, con Alberto Fabra.<\/p>\n<p>El abono de los 3.192.686 euros que la Generalitat acumulaba desde hace cerca de 8 a\u00f1os se refieren, principalmente, al proyecto de remodelaci\u00f3n y restauraci\u00f3n de la plaza del ayuntamiento, adem\u00e1s de las obras de mejora y modernizaci\u00f3n de la propia casa consistorial inaugurada en el a\u00f1o 2009 y cuyo presupuesto estaba cifrado en un total de 2&#8217;9 millones de euros que corr\u00eda a cargo \u00edntegramente de la administraci\u00f3n auton\u00f3mica.<\/p>\n<p>De los 3&#8217;1 millones abonados ahora un total de 1&#8217;7 millones corresponden a los \u00faltimos pagos de la rehabilitaci\u00f3n del ayuntamiento mientras que los restantes 1&#8217;4 millones de euros corresponden a diversos conceptos como los bonos infantiles del pasado curso 2014-2015 (76.000 euros); asistencia sanitaria del cuarto trimestre de 2014 (16.083 euros); compra de material bibliogr\u00e1fico de 2013 (1.616 euros); ayuda a la ley de la dependencia de 2013 (29.840 euros); subvenciones para el circuito de danza y teatro de 2013 (3.100 euros); o la peatonalizaci\u00f3n del casco hist\u00f3rico de 2010 (150.000 euros).<\/p>\n<p>De entre la deuda abonada tambi\u00e9n hay diversas partidas referidas a proyectos e iniciativas auspiciadas por la actual Generalitat a lo largo del pasado a\u00f1o 2015, entre las que destaca la subvenci\u00f3n de la renta garantizada por valor de 170.000 euros; ayudas para el centro de d\u00eda por valor de otros 170.000 euros; programa de menores durante el verano de 2015 por valor de 20.000 euros; otros 80.000 euros para el pago de los bonos infantiles del presente curso; las ayudas del programa Xarxa Llibres por otros 83.000 euros; o, por \u00faltimo, m\u00e1s de 150.000 euros en talleres de empleo y formaci\u00f3n.<\/p>\n<p>El equipo de gobierno ha subrayado <em>\u00abla diferencia de los nuevos rectores de la Generalitat que han cumplido su compromiso de liquidar las deudas que las administraciones anteriores del Partido Popular encabezadas por Camps y Fabra manten\u00edan desde hace a\u00f1os con este ayuntamiento, ya que se trata de conceptos y proyectos muy importantes para el bienestar y la calidad de vida de nuestros vecinos; por ello, estamos muy satisfechos que, finalmente, se haya hecho justicia con el pago de estas deudas que en su momento el PP de Riba-roja fue incapaz de reclamar con insistencia a sus compa\u00f1eros de partido\u00bb. <\/em><\/p>\n<p><em> <\/em><\/p>\n<p>El ejecutivo local a\u00f1ade que <em>\u00abse ha demostrado que es posible una nueva forma de gobernar en la que las personas y los proyectos sociales son un eje esencial para el desarrollo de nuestros vecinos y para los que lucharemos d\u00eda a d\u00eda con insistencia ante las administraciones auton\u00f3mica, provincial o estatal al margen del partido que est\u00e9 al frente de las mismas en cada momento\u00bb.<\/em><\/p>\n","protected":false},"excerpt":{"rendered":"<div class=\"mh-excerpt\">La Generalitat Valenciana ha abonado al Ayuntamiento de Riba-roja de T\u00faria los 3&#8217;1 millones de euros que la administraci\u00f3n auton\u00f3mica ten\u00eda pendiente de ingresar en las arcas municipales correspondientes a diversos proyectos e iniciativas que <a class=\"mh-excerpt-more\" href=\"https:\/\/www.tucomarca.com\/wordpress\/segunda\/el-consell-paga-31-millones-de-euros-al-ayuntamiento-de-riba-roja-por-una-deuda-pendiente-de-la-epoca-de-camps-y-fabra\/\" title=\"El Consell paga 3,1 millones de euros al Ayuntamiento de Riba-roja \u00abpor una deuda pendiente de la \u00e9poca de Camps y Fabra\u00bb\">[+] <\/a><\/div>\n","protected":false},"author":1,"featured_media":0,"comment_status":"open","ping_status":"open","sticky":false,"template":"","format":"standard","meta":{"footnotes":""},"categories":[46,8,142,182],"tags":[],"class_list":{"0":"post-44833","1":"post","2":"type-post","3":"status-publish","4":"format-standard","6":"category-camp-de-turia","7":"category-la-comarca","8":"category-politica-la-comarca","9":"category-riba-roja"},"_links":{"self":[{"href":"https:\/\/www.tucomarca.com\/wordpress\/segunda\/wp-json\/wp\/v2\/posts\/44833","targetHints":{"allow":["GET"]}}],"collection":[{"href":"https:\/\/www.tucomarca.com\/wordpress\/segunda\/wp-json\/wp\/v2\/posts"}],"about":[{"href":"https:\/\/www.tucomarca.com\/wordpress\/segunda\/wp-json\/wp\/v2\/types\/post"}],"author":[{"embeddable":true,"href":"https:\/\/www.tucomarca.com\/wordpress\/segunda\/wp-json\/wp\/v2\/users\/1"}],"replies":[{"embeddable":true,"href":"https:\/\/www.tucomarca.com\/wordpress\/segunda\/wp-json\/wp\/v2\/comments?post=44833"}],"version-history":[{"count":0,"href":"https:\/\/www.tucomarca.com\/wordpress\/segunda\/wp-json\/wp\/v2\/posts\/44833\/revisions"}],"wp:attachment":[{"href":"https:\/\/www.tucomarca.com\/wordpress\/segunda\/wp-json\/wp\/v2\/media?parent=44833"}],"wp:term":[{"taxonomy":"category","embeddable":true,"href":"https:\/\/www.tucomarca.com\/wordpress\/segunda\/wp-json\/wp\/v2\/categories?post=44833"},{"taxonomy":"post_tag","embeddable":true,"href":"https:\/\/www.tucomarca.com\/wordpress\/segunda\/wp-json\/wp\/v2\/tags?post=44833"}],"curies":[{"name":"wp","href":"https:\/\/api.w.org\/{rel}","templated":true}]}}