{"id":44988,"date":"2016-03-08T18:40:20","date_gmt":"2016-03-08T15:40:20","guid":{"rendered":"http:\/\/www.tucomarca.com\/wordpress\/segunda\/?p=44988"},"modified":"2016-03-08T18:40:24","modified_gmt":"2016-03-08T15:40:24","slug":"podemos-se-organiza-en-la-comarca-del-camp-de-turia","status":"publish","type":"post","link":"https:\/\/www.tucomarca.com\/wordpress\/segunda\/podemos-se-organiza-en-la-comarca-del-camp-de-turia\/","title":{"rendered":"Podemos se organiza en la comarca del Camp de T\u00faria"},"content":{"rendered":"<p><a href=\"https:\/\/www.tucomarca.com\/wordpress\/segunda\/2016\/03\/podemos-se-organiza-en-la-comarca-del-camp-de-turia\/sgs-camp-de-turia-podemos\/\" rel=\"attachment wp-att-44989\"><img loading=\"lazy\" decoding=\"async\" src=\"https:\/\/www.tucomarca.com\/wordpress\/segunda\/wp-content\/uploads\/2016\/03\/sgs-camp-de-turia-podemos-300x225.jpg\" alt=\"\" title=\"sgs camp de turia podemos\" width=\"300\" height=\"225\" class=\"alignleft size-medium wp-image-44989\" srcset=\"https:\/\/www.tucomarca.com\/wordpress\/segunda\/wp-content\/uploads\/2016\/03\/sgs-camp-de-turia-podemos-300x225.jpg 300w, https:\/\/www.tucomarca.com\/wordpress\/segunda\/wp-content\/uploads\/2016\/03\/sgs-camp-de-turia-podemos-1024x768.jpg 1024w, https:\/\/www.tucomarca.com\/wordpress\/segunda\/wp-content\/uploads\/2016\/03\/sgs-camp-de-turia-podemos.jpeg 1280w\" sizes=\"auto, (max-width: 300px) 100vw, 300px\" \/><\/a>Los Secretarios Generales de Podemos de los municipios del Camp de T\u00faria se han reunido esta semana en la localidad de Riba-roja por primera vez desde su nombramiento para trabajar por el desarrollo de iniciativas sociales, as\u00ed como por el crecimiento del proyecto de Podemos en la comarca.<br \/>\nSi bien la estructura organizativa de Podemos no es la comarcal, y es por ello por lo que esta reuni\u00f3n no se ha producido antes, s\u00ed que manifestaron los secretarios generales necesaria la colaboraci\u00f3n mutua, el compartir experiencias y aunar esfuerzos para la extensi\u00f3n y organizaci\u00f3n de Podemos en todos y cada uno de los pueblos de la comarca de Camp de T\u00faria.<br \/>\nEn una nota de prensa enviada a este medio de comunicaci\u00f3n conjuntamente por los Secretarios Generales de B\u00e9tera, Vilamarxant, La Pobla de Vallbona, Ll\u00edria, L&#8217;Eliana, N\u00e1quera y Riba-roja de T\u00faria, manifestaron su determinaci\u00f3n en el apoyo a las pol\u00edticas sociales en todos los municipios donde est\u00e1n presentes, as\u00ed como en su inter\u00e9s en buscar a personas que quieran trabajar por el bien com\u00fan en los pueblos donde, aun contando con personas implicadas en el proyecto, \u00e9stas aun no han dado el paso para liderar el crecimiento de Podemos en su municipio.<br \/>\nAs\u00ed manifestaron los Secretarios Generales que su intenci\u00f3n es la aparici\u00f3n de c\u00edrculos en municipios como Benaguasil, Serra, Casinos, Marines, Olocau, Loriguilla y G\u00e1tova y que sigan la estela del pr\u00f3ximo c\u00edrculo a formar esta misma semana en la localidad de Benissan\u00f3 y al que desde aqu\u00ed damos la bienvenida. Y por tanto, anunciaron que pr\u00f3ximamente se contactar\u00e1 con los inscritos en estos municipios para fundar en las pr\u00f3ximas semanas los c\u00edrculos de Podemos en ellos, de forma que cada municipio pueda contar con un c\u00edrculo referente de Podemos en \u00e9l que pueda hacer pol\u00edtica de forma abierta y participativa de la gente y para la gente.<\/p>\n<p>En la reuni\u00f3n se trataron, aparte del organizativo e interno, otros temas de inter\u00e9s social como es el apoyo a la plataforma de desempleados del Camp de T\u00faria as\u00ed como otras acciones e iniciativas encaminadas en reducir la brecha entre los de abajo y los de arriba. As\u00ed mismo, se quiso tambi\u00e9n hacer una menci\u00f3n especial al d\u00eda de la Dona aunando esfuerzos en su lucha social y poni\u00e9ndonos todos a su lado en defensa de sus derechos y contra la violencia machista.<\/p>\n","protected":false},"excerpt":{"rendered":"<div class=\"mh-excerpt\">Los Secretarios Generales de Podemos de los municipios del Camp de T\u00faria se han reunido esta semana en la localidad de Riba-roja por primera vez desde su nombramiento para trabajar por el desarrollo de iniciativas <a class=\"mh-excerpt-more\" href=\"https:\/\/www.tucomarca.com\/wordpress\/segunda\/podemos-se-organiza-en-la-comarca-del-camp-de-turia\/\" title=\"Podemos se organiza en la comarca del Camp de T\u00faria\">[+] <\/a><\/div>\n","protected":false},"author":2,"featured_media":44989,"comment_status":"open","ping_status":"open","sticky":false,"template":"","format":"standard","meta":{"footnotes":""},"categories":[46,8,142,3],"tags":[10395,5018,10147],"class_list":{"0":"post-44988","1":"post","2":"type-post","3":"status-publish","4":"format-standard","5":"has-post-thumbnail","7":"category-camp-de-turia","8":"category-la-comarca","9":"category-politica-la-comarca","10":"category-seccion","11":"tag-camp-de-turia","12":"tag-podemos","13":"tag-se-organiza"},"_links":{"self":[{"href":"https:\/\/www.tucomarca.com\/wordpress\/segunda\/wp-json\/wp\/v2\/posts\/44988","targetHints":{"allow":["GET"]}}],"collection":[{"href":"https:\/\/www.tucomarca.com\/wordpress\/segunda\/wp-json\/wp\/v2\/posts"}],"about":[{"href":"https:\/\/www.tucomarca.com\/wordpress\/segunda\/wp-json\/wp\/v2\/types\/post"}],"author":[{"embeddable":true,"href":"https:\/\/www.tucomarca.com\/wordpress\/segunda\/wp-json\/wp\/v2\/users\/2"}],"replies":[{"embeddable":true,"href":"https:\/\/www.tucomarca.com\/wordpress\/segunda\/wp-json\/wp\/v2\/comments?post=44988"}],"version-history":[{"count":0,"href":"https:\/\/www.tucomarca.com\/wordpress\/segunda\/wp-json\/wp\/v2\/posts\/44988\/revisions"}],"wp:featuredmedia":[{"embeddable":true,"href":"https:\/\/www.tucomarca.com\/wordpress\/segunda\/wp-json\/wp\/v2\/media\/44989"}],"wp:attachment":[{"href":"https:\/\/www.tucomarca.com\/wordpress\/segunda\/wp-json\/wp\/v2\/media?parent=44988"}],"wp:term":[{"taxonomy":"category","embeddable":true,"href":"https:\/\/www.tucomarca.com\/wordpress\/segunda\/wp-json\/wp\/v2\/categories?post=44988"},{"taxonomy":"post_tag","embeddable":true,"href":"https:\/\/www.tucomarca.com\/wordpress\/segunda\/wp-json\/wp\/v2\/tags?post=44988"}],"curies":[{"name":"wp","href":"https:\/\/api.w.org\/{rel}","templated":true}]}}