{"id":45011,"date":"2016-03-10T12:02:59","date_gmt":"2016-03-10T09:02:59","guid":{"rendered":"http:\/\/www.tucomarca.com\/wordpress\/segunda\/?p=45011"},"modified":"2016-03-10T12:02:59","modified_gmt":"2016-03-10T09:02:59","slug":"la-directiva-de-la-armonica-de-bunol-hace-balance-del-ultimo-ejercicio-en-la-junta-general-de-socios","status":"publish","type":"post","link":"https:\/\/www.tucomarca.com\/wordpress\/segunda\/la-directiva-de-la-armonica-de-bunol-hace-balance-del-ultimo-ejercicio-en-la-junta-general-de-socios\/","title":{"rendered":"La directiva de La Arm\u00f3nica de Bu\u00f1ol hace balance del \u00faltimo ejercicio en la Junta General de Socios"},"content":{"rendered":"<p>Seg\u00fan inform\u00f3 este semanario en su edici\u00f3n impresa, el Centro Instructivo Musical \u00abLa Arm\u00f3nica\u00bb de Bu\u00f1ol celebr\u00f3 d\u00edas atr\u00e1s su Junta general de socios en la que la directiva \u2014que est\u00e1 encabezada por \u00d3scar Fern\u00e1ndez\u2014 ofreci\u00f3 balance de todo lo acontecido durante el \u00faltimo ejercicio.<br \/>\n     As\u00ed, se dio debida cuenta de la actividad musical desarrollada por las diferentes agrupaciones. Adem\u00e1s, en el cap\u00edtulo econ\u00f3mico se detall\u00f3 el estado actual de las cuentas, destacando aqu\u00ed \u00abla buena gesti\u00f3n del actual equipo de trabajo\u00bb.<br \/>\n\u00abLa econom\u00eda est\u00e1 saneada y la instituci\u00f3n funciona bien en cada una de sus secciones. Este a\u00f1o nos ha servido para concretar el proceso de adaptaci\u00f3n antes de poner en marcha de los proyectos de futuro. Nuestra intenci\u00f3n es seguir trabajando para construir nuevas aulas para la escuela de m\u00fasica, as\u00ed como preparar nuestra participaci\u00f3n en Kerkrade en el a\u00f1o 2017. Estos son dos de los proyectos en los que nos vamos a centrar, m\u00e1s all\u00e1 de los que ya est\u00e1n en marcha\u00bb, como ha afirmado el presidente de \u00abEl Litro\u00bb.<\/p>\n","protected":false},"excerpt":{"rendered":"<div class=\"mh-excerpt\">Seg\u00fan inform\u00f3 este semanario en su edici\u00f3n impresa, el Centro Instructivo Musical \u00abLa Arm\u00f3nica\u00bb de Bu\u00f1ol celebr\u00f3 d\u00edas atr\u00e1s su Junta general de socios en la que la directiva \u2014que est\u00e1 encabezada por \u00d3scar Fern\u00e1ndez\u2014 <a class=\"mh-excerpt-more\" href=\"https:\/\/www.tucomarca.com\/wordpress\/segunda\/la-directiva-de-la-armonica-de-bunol-hace-balance-del-ultimo-ejercicio-en-la-junta-general-de-socios\/\" title=\"La directiva de La Arm\u00f3nica de Bu\u00f1ol hace balance del \u00faltimo ejercicio en la Junta General de Socios\">[+] <\/a><\/div>\n","protected":false},"author":2,"featured_media":0,"comment_status":"open","ping_status":"open","sticky":false,"template":"","format":"standard","meta":{"footnotes":""},"categories":[18,66,8,10,3],"tags":[1076,1495,10385,10152,748],"class_list":{"0":"post-45011","1":"post","2":"type-post","3":"status-publish","4":"format-standard","6":"category-bunol","7":"category-musica","8":"category-la-comarca","9":"category-la-hoya","10":"category-seccion","11":"tag-armonica","12":"tag-balance","13":"tag-bunol","14":"tag-junta-general","15":"tag-litro"},"_links":{"self":[{"href":"https:\/\/www.tucomarca.com\/wordpress\/segunda\/wp-json\/wp\/v2\/posts\/45011","targetHints":{"allow":["GET"]}}],"collection":[{"href":"https:\/\/www.tucomarca.com\/wordpress\/segunda\/wp-json\/wp\/v2\/posts"}],"about":[{"href":"https:\/\/www.tucomarca.com\/wordpress\/segunda\/wp-json\/wp\/v2\/types\/post"}],"author":[{"embeddable":true,"href":"https:\/\/www.tucomarca.com\/wordpress\/segunda\/wp-json\/wp\/v2\/users\/2"}],"replies":[{"embeddable":true,"href":"https:\/\/www.tucomarca.com\/wordpress\/segunda\/wp-json\/wp\/v2\/comments?post=45011"}],"version-history":[{"count":0,"href":"https:\/\/www.tucomarca.com\/wordpress\/segunda\/wp-json\/wp\/v2\/posts\/45011\/revisions"}],"wp:attachment":[{"href":"https:\/\/www.tucomarca.com\/wordpress\/segunda\/wp-json\/wp\/v2\/media?parent=45011"}],"wp:term":[{"taxonomy":"category","embeddable":true,"href":"https:\/\/www.tucomarca.com\/wordpress\/segunda\/wp-json\/wp\/v2\/categories?post=45011"},{"taxonomy":"post_tag","embeddable":true,"href":"https:\/\/www.tucomarca.com\/wordpress\/segunda\/wp-json\/wp\/v2\/tags?post=45011"}],"curies":[{"name":"wp","href":"https:\/\/api.w.org\/{rel}","templated":true}]}}