{"id":4502,"date":"2012-06-29T20:56:00","date_gmt":"2012-06-29T18:56:00","guid":{"rendered":"http:\/\/www.tucomarca.com\/wordpress\/segunda\/?p=4502"},"modified":"2012-06-29T20:56:00","modified_gmt":"2012-06-29T18:56:00","slug":"video-la-alcaldesa-de-macastre-y-el-de-yatova-valoran-la-evolucion-del-incendio-de-cortes","status":"publish","type":"post","link":"https:\/\/www.tucomarca.com\/wordpress\/segunda\/video-la-alcaldesa-de-macastre-y-el-de-yatova-valoran-la-evolucion-del-incendio-de-cortes\/","title":{"rendered":"V\u00eddeo: la alcaldesa de Macastre y el de Y\u00e1tova valoran la evoluci\u00f3n del incendio de Cortes"},"content":{"rendered":"<p>La alcaldesa de Macastre, Mar\u00eda Jos\u00e9 Casero, y el alcalde de Y\u00e1tova, Rafael Lisarde, valoran c\u00f3mo ha afectado a ambos t\u00e9rminos municipales el incendio declarado en Cortes de Pall\u00e1s.<\/p>\n","protected":false},"excerpt":{"rendered":"<div class=\"mh-excerpt\">La alcaldesa de Macastre, Mar\u00eda Jos\u00e9 Casero, y el alcalde de Y\u00e1tova, Rafael Lisarde, valoran c\u00f3mo ha afectado a ambos t\u00e9rminos municipales el incendio declarado en Cortes de Pall\u00e1s.<\/div>\n","protected":false},"author":1,"featured_media":0,"comment_status":"open","ping_status":"open","sticky":false,"template":"","format":"standard","meta":{"footnotes":""},"categories":[15,8,10,13,3,116,26,11],"tags":[],"class_list":{"0":"post-4502","1":"post","2":"type-post","3":"status-publish","4":"format-standard","6":"category-dos-aguas","7":"category-la-comarca","8":"category-la-hoya","9":"category-macastre","10":"category-seccion","11":"category-sucesos-la-comarca","12":"category-video","13":"category-yatova"},"_links":{"self":[{"href":"https:\/\/www.tucomarca.com\/wordpress\/segunda\/wp-json\/wp\/v2\/posts\/4502","targetHints":{"allow":["GET"]}}],"collection":[{"href":"https:\/\/www.tucomarca.com\/wordpress\/segunda\/wp-json\/wp\/v2\/posts"}],"about":[{"href":"https:\/\/www.tucomarca.com\/wordpress\/segunda\/wp-json\/wp\/v2\/types\/post"}],"author":[{"embeddable":true,"href":"https:\/\/www.tucomarca.com\/wordpress\/segunda\/wp-json\/wp\/v2\/users\/1"}],"replies":[{"embeddable":true,"href":"https:\/\/www.tucomarca.com\/wordpress\/segunda\/wp-json\/wp\/v2\/comments?post=4502"}],"version-history":[{"count":0,"href":"https:\/\/www.tucomarca.com\/wordpress\/segunda\/wp-json\/wp\/v2\/posts\/4502\/revisions"}],"wp:attachment":[{"href":"https:\/\/www.tucomarca.com\/wordpress\/segunda\/wp-json\/wp\/v2\/media?parent=4502"}],"wp:term":[{"taxonomy":"category","embeddable":true,"href":"https:\/\/www.tucomarca.com\/wordpress\/segunda\/wp-json\/wp\/v2\/categories?post=4502"},{"taxonomy":"post_tag","embeddable":true,"href":"https:\/\/www.tucomarca.com\/wordpress\/segunda\/wp-json\/wp\/v2\/tags?post=4502"}],"curies":[{"name":"wp","href":"https:\/\/api.w.org\/{rel}","templated":true}]}}