{"id":4505,"date":"2012-06-29T21:28:36","date_gmt":"2012-06-29T19:28:36","guid":{"rendered":"http:\/\/www.tucomarca.com\/wordpress\/segunda\/?p=4505"},"modified":"2012-06-29T21:28:36","modified_gmt":"2012-06-29T19:28:36","slug":"un-reten-de-1-000-medios-terrestres-se-quedara-de-guardia-esta-noche-en-el-incendio-de-cortes","status":"publish","type":"post","link":"https:\/\/www.tucomarca.com\/wordpress\/segunda\/un-reten-de-1-000-medios-terrestres-se-quedara-de-guardia-esta-noche-en-el-incendio-de-cortes\/","title":{"rendered":"Un ret\u00e9n de 1.000 medios terrestres se quedar\u00e1 de guardia esta noche en el incendio de Cortes"},"content":{"rendered":"<p>El Conseller de Gobernaci\u00f3n, Seraf\u00edn Castellano, ha informado que esta noche trabajar\u00e1n unos 1.000 integrantes de medios terrestres para combatir las llamas que todav\u00eda consumen miles de hect\u00e1reas en los t\u00e9rminos municipales de Cortes, Y\u00e1tova, Montroy y Tur\u00eds; y que ma\u00f1ana al amanecer se incorporar\u00e1n el resto de medios que durante la jornada de este viernes han estado trabajando para combatir el siniestro.<\/p>\n<p>Tanto desde Gobernaci\u00f3n como desde las alcald\u00edas de todos los pueblos afectados se ha hecho un llamamiento a la tranquilidad, para recordar que la zona afectada est\u00e1 totalmente acotada y que en ella va a pasar la noche un amplio dispositivo de emergencias.<\/p>\n","protected":false},"excerpt":{"rendered":"<div class=\"mh-excerpt\">El Conseller de Gobernaci\u00f3n, Seraf\u00edn Castellano, ha informado que esta noche trabajar\u00e1n unos 1.000 integrantes de medios terrestres para combatir las llamas que todav\u00eda consumen miles de hect\u00e1reas en los t\u00e9rminos municipales de Cortes, Y\u00e1tova, <a class=\"mh-excerpt-more\" href=\"https:\/\/www.tucomarca.com\/wordpress\/segunda\/un-reten-de-1-000-medios-terrestres-se-quedara-de-guardia-esta-noche-en-el-incendio-de-cortes\/\" title=\"Un ret\u00e9n de 1.000 medios terrestres se quedar\u00e1 de guardia esta noche en el incendio de Cortes\">[+] <\/a><\/div>\n","protected":false},"author":1,"featured_media":0,"comment_status":"open","ping_status":"open","sticky":false,"template":"","format":"standard","meta":{"footnotes":""},"categories":[38,155,40,15,8,10,13,160,3,116,43,11],"tags":[],"class_list":{"0":"post-4505","1":"post","2":"type-post","3":"status-publish","4":"format-standard","6":"category-ayora-cofrentes","7":"category-catadau","8":"category-cortes-de-pallas","9":"category-dos-aguas","10":"category-la-comarca","11":"category-la-hoya","12":"category-macastre","13":"category-montroi","14":"category-seccion","15":"category-sucesos-la-comarca","16":"category-turis","17":"category-yatova"},"_links":{"self":[{"href":"https:\/\/www.tucomarca.com\/wordpress\/segunda\/wp-json\/wp\/v2\/posts\/4505","targetHints":{"allow":["GET"]}}],"collection":[{"href":"https:\/\/www.tucomarca.com\/wordpress\/segunda\/wp-json\/wp\/v2\/posts"}],"about":[{"href":"https:\/\/www.tucomarca.com\/wordpress\/segunda\/wp-json\/wp\/v2\/types\/post"}],"author":[{"embeddable":true,"href":"https:\/\/www.tucomarca.com\/wordpress\/segunda\/wp-json\/wp\/v2\/users\/1"}],"replies":[{"embeddable":true,"href":"https:\/\/www.tucomarca.com\/wordpress\/segunda\/wp-json\/wp\/v2\/comments?post=4505"}],"version-history":[{"count":0,"href":"https:\/\/www.tucomarca.com\/wordpress\/segunda\/wp-json\/wp\/v2\/posts\/4505\/revisions"}],"wp:attachment":[{"href":"https:\/\/www.tucomarca.com\/wordpress\/segunda\/wp-json\/wp\/v2\/media?parent=4505"}],"wp:term":[{"taxonomy":"category","embeddable":true,"href":"https:\/\/www.tucomarca.com\/wordpress\/segunda\/wp-json\/wp\/v2\/categories?post=4505"},{"taxonomy":"post_tag","embeddable":true,"href":"https:\/\/www.tucomarca.com\/wordpress\/segunda\/wp-json\/wp\/v2\/tags?post=4505"}],"curies":[{"name":"wp","href":"https:\/\/api.w.org\/{rel}","templated":true}]}}