{"id":4508,"date":"2012-06-29T22:22:19","date_gmt":"2012-06-29T20:22:19","guid":{"rendered":"http:\/\/www.tucomarca.com\/wordpress\/segunda\/?p=4508"},"modified":"2012-06-29T23:27:27","modified_gmt":"2012-06-29T21:27:27","slug":"las-labores-de-extincion-del-incendio-de-cortes-de-pallas-se-centran-en-la-sierra-de-martes-y-en-el-pantano-de-forata","status":"publish","type":"post","link":"https:\/\/www.tucomarca.com\/wordpress\/segunda\/las-labores-de-extincion-del-incendio-de-cortes-de-pallas-se-centran-en-la-sierra-de-martes-y-en-el-pantano-de-forata\/","title":{"rendered":"Las labores de extinci\u00f3n del incendio de Cortes de Pall\u00e1s se centran en la sierra de Mart\u00e9s y en el pantano de Forata"},"content":{"rendered":"<p>El conseller de Gobernaci\u00f3n, Seraf\u00edn Castellano, que ha mantenido una reuni\u00f3n en el Puesto de Mando Avanzado del incendio forestal de Cortes de Pall\u00e1s con la delegada del Gobierno en la Comunitat, Paula S\u00e1nchez de Le\u00f3n, y con alcaldes de los municipios afectados, ha explicado que se est\u00e1n reforzando las labores de extinci\u00f3n en la Sierra de Mart\u00e9s y cerca del pantano de Forata.<\/p>\n<p>El conseller ha destacado que las labores de extinci\u00f3n siguen siendo complicadas, ya que \u00abesta tarde han soplado vientos de poniente de hasta 40 km\/h y la humedad contin\u00faa siendo muy baja, de un 15%\u00bb.<br \/>\nAdem\u00e1s, las labores de extinci\u00f3n, en las que trabajan unos 1.000 efectivos terrestres (brigadas, bomberos del Consorcio de Valencia, voluntarios y UME) y han actuado hasta 28 medios a\u00e9reos (16 helic\u00f3pteros y 12 aviones), \u00abse han visto complicadas por las viviendas diseminadas que se encuentran en el per\u00edmetro\u00bb, y ha a\u00f1adido que la prioridad ahora es \u00abproteger los n\u00facleos urbanos, as\u00ed como las casas dispersas\u00bb.<br \/>\n\u00abEntre ayer y hoy se han desalojado a m\u00e1s de 900 personas, que se encuentran principalmente en casas de familiares, y que cuentan tambi\u00e9n con los ERIES que Cruz Roja ha constituido en Tur\u00eds y en Macastre\u00bb, ha agregado.<br \/>\nEl titular de Gobernaci\u00f3n ha indicado que las labores de extinci\u00f3n se han centrado en cuatro sectores y ahora se est\u00e1 trabajando en \u00abun muro de contenci\u00f3n para que el fuego no avance hacia la sierra de Mart\u00e9s y que no salte del Pantano de Forata a Miralles\u00bb.<br \/>\nRespecto a las carreteras, contin\u00faan cortadas, por seguridad, la CV 425, 428, 422 y 580, ya que \u00abpreferimos pecar en exceso puesto que, adem\u00e1s del humo, por all\u00ed est\u00e1n transitando numerosos camiones y autobombas encargados de la extinci\u00f3n del incendio. Por supuesto, las salidas de evacuaci\u00f3n est\u00e1n garantizadas\u00bb.<br \/>\nEl conseller tambi\u00e9n ha se\u00f1alado que, a pesar de los numeros\u00edsimos efectivos que trabajan en la extinci\u00f3n del incendio y de los desalojados \u00abno hemos tenido que lamentar incidentes sanitarios graves. S\u00f3lo alg\u00fan golpe de calor y dos quemados leves en sendos brigadistas\u00bb.<br \/>\nIncendio en Andilla<br \/>\nSeraf\u00edn Castellano tambi\u00e9n ha explicado que algunos medios de extinci\u00f3n que trabajan en el incendio de Cortes de Pall\u00e1s se han tenido que desplazar a un incendio forestal en una zona boscosa declarado esta tarde, a las 16.36 horas, en Andilla.<br \/>\n\u00abSe han desalojado tres aldeas de Andilla, Artaj, Oset y Pardanchinos y, en estos momentos se est\u00e1 desalojando otra aldea mas, La Pobleta, y el municipio de Andilla. Son cerca de 200 las personas que van a ser desalojadas\u00bb, ha continudado. Por ello, Cruz Roja va a instalar un IRIE en el polideportivo de Villar del Arzobispo.<br \/>\nEn el incendio forestal de Andilla se han movilizado 9 medios a\u00e9reos (5 de ellos del Ministerio), as\u00ed como 11 brigadas, 2 autobombas, parque de voluntarios de Chelva, bomberos del Consorcio de Valencia y UMEl conseller de Gobernaci\u00f3n, Seraf\u00edn Castellano, que ha mantenido una reuni\u00f3n en el Puesto de Mando Avanzado del incendio forestal de Cortes de Pall\u00e1s con la delegada del Gobierno en la Comunitat, Paula S\u00e1nchez de Le\u00f3n, y con alcaldes de los municipios afectados, ha explicado que se est\u00e1n reforzando las labores de extinci\u00f3n en la Sierra de Mart\u00e9s y cerca del pantano de Forata.<\/p>\n<p>El conseller ha destacado que las labores de extinci\u00f3n siguen siendo complicadas, ya que \u00abesta tarde han soplado vientos de poniente de hasta 40 km\/h y la humedad contin\u00faa siendo muy baja, de un 15%\u00bb.<br \/>\nAdem\u00e1s, las labores de extinci\u00f3n, en las que trabajan unos 1.000 efectivos terrestres (brigadas, bomberos del Consorcio de Valencia, voluntarios y UME) y han actuado hasta 28 medios a\u00e9reos (16 helic\u00f3pteros y 12 aviones), \u00abse han visto complicadas por las viviendas diseminadas que se encuentran en el per\u00edmetro\u00bb, y ha a\u00f1adido que la prioridad ahora es \u00abproteger los n\u00facleos urbanos, as\u00ed como las casas dispersas\u00bb.<br \/>\n\u00abEntre ayer y hoy se han desalojado a m\u00e1s de 900 personas, que se encuentran principalmente en casas de familiares, y que cuentan tambi\u00e9n con los ERIES que Cruz Roja ha constituido en Tur\u00eds y en Macastre\u00bb, ha agregado.<br \/>\nEl titular de Gobernaci\u00f3n ha indicado que las labores de extinci\u00f3n se han centrado en cuatro sectores y ahora se est\u00e1 trabajando en \u00abun muro de contenci\u00f3n para que el fuego no avance hacia la sierra de Mart\u00e9s y que no salte del Pantano de Forata a Miralles\u00bb.<br \/>\nRespecto a las carreteras, contin\u00faan cortadas, por seguridad, la CV 425, 428, 422 y 580, ya que \u00abpreferimos pecar en exceso puesto que, adem\u00e1s del humo, por all\u00ed est\u00e1n transitando numerosos camiones y autobombas encargados de la extinci\u00f3n del incendio. Por supuesto, las salidas de evacuaci\u00f3n est\u00e1n garantizadas\u00bb.<br \/>\nEl conseller tambi\u00e9n ha se\u00f1alado que, a pesar de los numeros\u00edsimos efectivos que trabajan en la extinci\u00f3n del incendio y de los desalojados \u00abno hemos tenido que lamentar incidentes sanitarios graves. S\u00f3lo alg\u00fan golpe de calor y dos quemados leves en sendos brigadistas\u00bb.<br \/>\nIncendio en Andilla<br \/>\nSeraf\u00edn Castellano tambi\u00e9n ha explicado que algunos medios de extinci\u00f3n que trabajan en el incendio de Cortes de Pall\u00e1s se han tenido que desplazar a un incendio forestal en una zona boscosa declarado esta tarde, a las 16.36 horas, en Andilla.<br \/>\n\u00abSe han desalojado tres aldeas de Andilla, Artaj, Oset y Pardanchinos y, en estos momentos se est\u00e1 desalojando otra aldea mas, La Pobleta, y el municipio de Andilla. Son cerca de 200 las personas que van a ser desalojadas\u00bb, ha continudado. Por ello, Cruz Roja va a instalar un IRIE en el polideportivo de Villar del Arzobispo.<br \/>\nEn el incendio forestal de Andilla se han movilizado 9 medios a\u00e9reos (5 de ellos del Ministerio), as\u00ed como 11 brigadas, 2 autobombas, parque de voluntarios de Chelva, bomberos del Consorcio de Valencia y UME.<br \/>\nRespecto a las hect\u00e1reas, ha comentado que la prioridad ahora es \u00abapagar el incendio, por lo que se podr\u00e1n conocer cuando al menos se encuentre estabilizado, ya que las cifras pueden ser cambiantes\u00bb. Asimismo, ha afirmado que esta noche seguir\u00e1n trabajando los 1.000 efectivos en el incendio de Cortes de Pall\u00e1s y al amanecer se incorporar\u00e1n todos los medios a\u00e9reos.<br \/>\nFinalmente, el conseller ha agradecido la labor de todos profesionales que est\u00e1n trabajando en la extinci\u00f3n de estos incendios forestales.<br \/>\nRespecto a las hect\u00e1reas, ha comentado que la prioridad ahora es \u00abapagar el incendio, por lo que se podr\u00e1n conocer cuando al menos se encuentre estabilizado, ya que las cifras pueden ser cambiantes\u00bb. Asimismo, ha afirmado que esta noche seguir\u00e1n trabajando los 1.000 efectivos en el incendio de Cortes de Pall\u00e1s y al amanecer se incorporar\u00e1n todos los medios a\u00e9reos.<br \/>\nFinalmente, el conseller ha agradecido la labor de todos profesionales que est\u00e1n trabajando en la extinci\u00f3n de estos incendios forestales.<\/p>\n","protected":false},"excerpt":{"rendered":"<div class=\"mh-excerpt\">El conseller de Gobernaci\u00f3n, Seraf\u00edn Castellano, que ha mantenido una reuni\u00f3n en el Puesto de Mando Avanzado del incendio forestal de Cortes de Pall\u00e1s con la delegada del Gobierno en la Comunitat, Paula S\u00e1nchez de <a class=\"mh-excerpt-more\" href=\"https:\/\/www.tucomarca.com\/wordpress\/segunda\/las-labores-de-extincion-del-incendio-de-cortes-de-pallas-se-centran-en-la-sierra-de-martes-y-en-el-pantano-de-forata\/\" title=\"Las labores de extinci\u00f3n del incendio de Cortes de Pall\u00e1s se centran en la sierra de Mart\u00e9s y en el pantano de Forata\">[+] <\/a><\/div>\n","protected":false},"author":1,"featured_media":4509,"comment_status":"open","ping_status":"open","sticky":false,"template":"","format":"standard","meta":{"footnotes":""},"categories":[19,155,40,15,8,10,13,160,3,116,43,45,11],"tags":[],"class_list":{"0":"post-4508","1":"post","2":"type-post","3":"status-publish","4":"format-standard","5":"has-post-thumbnail","7":"category-alborache","8":"category-catadau","9":"category-cortes-de-pallas","10":"category-dos-aguas","11":"category-la-comarca","12":"category-la-hoya","13":"category-macastre","14":"category-montroi","15":"category-seccion","16":"category-sucesos-la-comarca","17":"category-turis","18":"category-ventana","19":"category-yatova"},"_links":{"self":[{"href":"https:\/\/www.tucomarca.com\/wordpress\/segunda\/wp-json\/wp\/v2\/posts\/4508","targetHints":{"allow":["GET"]}}],"collection":[{"href":"https:\/\/www.tucomarca.com\/wordpress\/segunda\/wp-json\/wp\/v2\/posts"}],"about":[{"href":"https:\/\/www.tucomarca.com\/wordpress\/segunda\/wp-json\/wp\/v2\/types\/post"}],"author":[{"embeddable":true,"href":"https:\/\/www.tucomarca.com\/wordpress\/segunda\/wp-json\/wp\/v2\/users\/1"}],"replies":[{"embeddable":true,"href":"https:\/\/www.tucomarca.com\/wordpress\/segunda\/wp-json\/wp\/v2\/comments?post=4508"}],"version-history":[{"count":0,"href":"https:\/\/www.tucomarca.com\/wordpress\/segunda\/wp-json\/wp\/v2\/posts\/4508\/revisions"}],"wp:featuredmedia":[{"embeddable":true,"href":"https:\/\/www.tucomarca.com\/wordpress\/segunda\/wp-json\/wp\/v2\/media\/4509"}],"wp:attachment":[{"href":"https:\/\/www.tucomarca.com\/wordpress\/segunda\/wp-json\/wp\/v2\/media?parent=4508"}],"wp:term":[{"taxonomy":"category","embeddable":true,"href":"https:\/\/www.tucomarca.com\/wordpress\/segunda\/wp-json\/wp\/v2\/categories?post=4508"},{"taxonomy":"post_tag","embeddable":true,"href":"https:\/\/www.tucomarca.com\/wordpress\/segunda\/wp-json\/wp\/v2\/tags?post=4508"}],"curies":[{"name":"wp","href":"https:\/\/api.w.org\/{rel}","templated":true}]}}