{"id":45100,"date":"2016-03-16T20:12:24","date_gmt":"2016-03-16T17:12:24","guid":{"rendered":"http:\/\/www.tucomarca.com\/wordpress\/segunda\/?p=45100"},"modified":"2016-03-16T20:12:24","modified_gmt":"2016-03-16T17:12:24","slug":"marza-visita-alzira-i-assegura-que-el-consell-esta-totalment-al-servei-del-projecte-per-declarar-les-falles-patrimoni-de-la-humanitat","status":"publish","type":"post","link":"https:\/\/www.tucomarca.com\/wordpress\/segunda\/marza-visita-alzira-i-assegura-que-el-consell-esta-totalment-al-servei-del-projecte-per-declarar-les-falles-patrimoni-de-la-humanitat\/","title":{"rendered":"Marz\u00e0 visita Alzira i assegura que \u00abel Consell est\u00e0 totalment al servei del projecte per declarar les Falles Patrimoni de la Humanitat\u00bb"},"content":{"rendered":"<p>El Conseller d&#8217;Educaci\u00f3, Investigaci\u00f3, Cultura i Esport ha visitat hui Alzira on ha tingut l&#8217;oportunitat de viure una jornada de falles intensa i tractar amb l&#8217;alcalde de la localitat, Diego Garc\u00eda, diversos temes relacionats amb l&#8217;educaci\u00f3 i la cultura del municipi.<\/p>\n<p>D&#8217;una banda, Vicent Marz\u00e0 ha visitat el casc antic de la ciutat i l&#8217;Arxiu Hist\u00f2ric d&#8217;Alzira i s&#8217;ha interessat pel patrimoni hist\u00f2ric i art\u00edstic de la capital de la Ribera Alta. D&#8217;altra banda, el conseller ha visitat diferents falles, ha assistit a la \u00abmasclet\u00e0\u00bb i ha compartit dinar amb els fallers de la localitat. Vicent Marz\u00e0 s&#8217;ha mostrat \u00abfeli\u00e7 de poder estar present a Alzira, encara m\u00e9s en un festa tan especial i representativa de la cultura popular del nostre poble i que volem que siga patrimoni de la humanitat\u00bb.<\/p>\n<p>En aquest sentit, Marz\u00e0 ha explicat que s&#8217;est\u00e0 treballant en la difusi\u00f3 de la candidatura en col\u00b7laboraci\u00f3 amb la Junta Central Fallera i amb els ajuntaments i que \u00abel proc\u00e9s va molt b\u00e9. Aquells que coneixien les Falles ja estaven conven\u00e7uts, per\u00f2 hi ha molta gent que no coneixia eixe valor cultural i simb\u00f2lic de les Falles que tant han aportat al conjunt de la cultura del nostre pa\u00eds. S&#8217;estan seguint tots els tr\u00e0mits i cal remarcar que el Consell de la Generalitat Valenciana est\u00e0 totalment al servei d&#8217;eixe projecte. Esperem que ho aconseguim i ser\u00e0 m\u00e8rit de totes i tots, per\u00f2 sobretot de la gent que ha treballat tants anys a les Falles\u00bb.<\/p>\n<p>Aix\u00ed mateix, Vicent Marz\u00e0 tamb\u00e9 ha tractat la situaci\u00f3 de les infraestructures educatives de la localitat i ha declarat que \u00absom plenament conscients de les defici\u00e8ncies que presenten els centres d&#8217;Alzira. De fet, les actuacions m\u00e9s urgents ja s&#8217;estan abordant i d&#8217;altres estan sent avaluades amb l&#8217;objectiu de donar una soluci\u00f3 a aquesta situaci\u00f3\u00bb.<\/p>\n<p>El Conseller d&#8217;Educaci\u00f3, Investigaci\u00f3, Cultura i Esport ha aprofitat, a m\u00e9s, per repassar, a respostes dels periodistes, alguns dels temes d&#8217;actualitat relacionats amb l&#8217;educaci\u00f3.<\/p>\n<p>Quant al programa #XarxaLlibres, Marz\u00e0 ha explicat que el balan\u00e7 \u00e9s molt positiu i ha volgut agrair \u00abla reacci\u00f3 que ha tingut el conjunt de la ciutadania i sobretot els ajuntaments com ara el d&#8217;Alzira per la resposta que ha donat i que ha posat en valor un projecte que \u00e9s de tots i de totes\u00bb. Marz\u00e0 ha afegit que \u00abhi ha centenars de milers de valencians i valencianes que han participat de la primera fase del projecte que permetr\u00e0 que qualsevol fam\u00edlia puga tindre acc\u00e9s als materials curriculars sense passar la vergonya de dir que no t\u00e9 diners per pagar els llibres\u00bb.<\/p>\n<p>Pel que fa al nou Decret d&#8217;Admissi\u00f3, Marz\u00e0 ha exposat que \u00abel que hem fet \u00e9s assegurar la llibertat d&#8217;elecci\u00f3 perqu\u00e8 fins ara no estava assegurada, eren els centres els que acabaven triant les fam\u00edlies que volien. El nou decret garanteix que seran les fam\u00edlies les que podran triar els centres. Evidentment, si hi ha m\u00e9s demanda que oferta, s&#8217;haur\u00e0 de desempatar i nosaltres hem posat damunt la taula que la forma de desempatar \u00e9s puntuar el fet de tindre germans al centre i la proximitat i, aix\u00f2 s\u00ed, aquestos criteris seran els mateixos per a tots els centres sostinguts amb fons p\u00fablics\u00bb. En aquest sentit, Marz\u00e0 ha afegit que \u00abuna bona part de la comunitat educativa fa una valoraci\u00f3 molt positiva i nosaltres estem contents de poder recuperar una q\u00fcesti\u00f3 tan l\u00f2gica com \u00e9s que els xiquets i xiquetes estiguen arrelats al barri i que participen al seu entorn\u00bb.<\/p>\n<p>Finalment Vicent Marz\u00e0 s&#8217;ha referit al futur Decret de Pluriling\u00fcisme sobre el que est\u00e0 treballant la Conselleria i ha explicat que \u00abfins ara nom\u00e9s hi havia sis centres pluriling\u00fces a tot el territori, per\u00f2 el que nosaltres volem \u00e9s que tots els centres sostinguts amb fons p\u00fablics tinguen acc\u00e9s a un model de programa ling\u00fc\u00edstic que siga veritablement pluriling\u00fce, que aconseguisca els objectius que tots compartim com ara que els xiquets i xiquetes dominen el valenci\u00e0 com a llengua pr\u00f2pia, el castell\u00e0 i l&#8217;angl\u00e9s\u00bb. Marz\u00e0 ha afegit que els experts \u00abestan treballant en una proposta que presentarem al conjunt de la comunitat educativa, una proposta que debatrem i ser\u00e0 per a tots i no nom\u00e9s per a sis centres. D&#8217;aquesta manera tot el m\u00f3n podr\u00e0 tindre acc\u00e9s a una veritable formaci\u00f3 i una gesti\u00f3 del multiling\u00fcisme com pertoca\u00bb.<\/p>\n","protected":false},"excerpt":{"rendered":"<div class=\"mh-excerpt\">El Conseller d&#8217;Educaci\u00f3, Investigaci\u00f3, Cultura i Esport ha visitat hui Alzira on ha tingut l&#8217;oportunitat de viure una jornada de falles intensa i tractar amb l&#8217;alcalde de la localitat, Diego Garc\u00eda, diversos temes relacionats amb <a class=\"mh-excerpt-more\" href=\"https:\/\/www.tucomarca.com\/wordpress\/segunda\/marza-visita-alzira-i-assegura-que-el-consell-esta-totalment-al-servei-del-projecte-per-declarar-les-falles-patrimoni-de-la-humanitat\/\" title=\"Marz\u00e0 visita Alzira i assegura que \u00abel Consell est\u00e0 totalment al servei del projecte per declarar les Falles Patrimoni de la Humanitat\u00bb\">[+] <\/a><\/div>\n","protected":false},"author":2,"featured_media":0,"comment_status":"open","ping_status":"open","sticky":false,"template":"","format":"standard","meta":{"footnotes":""},"categories":[69,8,72,42,3],"tags":[10402,3328,8959,9106,2644],"class_list":{"0":"post-45100","1":"post","2":"type-post","3":"status-publish","4":"format-standard","6":"category-alzira","7":"category-la-comarca","8":"category-sin-categorizar","9":"category-la-ribera","10":"category-seccion","11":"tag-alzira","12":"tag-falles","13":"tag-humanitat","14":"tag-marza","15":"tag-patrimoni"},"_links":{"self":[{"href":"https:\/\/www.tucomarca.com\/wordpress\/segunda\/wp-json\/wp\/v2\/posts\/45100","targetHints":{"allow":["GET"]}}],"collection":[{"href":"https:\/\/www.tucomarca.com\/wordpress\/segunda\/wp-json\/wp\/v2\/posts"}],"about":[{"href":"https:\/\/www.tucomarca.com\/wordpress\/segunda\/wp-json\/wp\/v2\/types\/post"}],"author":[{"embeddable":true,"href":"https:\/\/www.tucomarca.com\/wordpress\/segunda\/wp-json\/wp\/v2\/users\/2"}],"replies":[{"embeddable":true,"href":"https:\/\/www.tucomarca.com\/wordpress\/segunda\/wp-json\/wp\/v2\/comments?post=45100"}],"version-history":[{"count":0,"href":"https:\/\/www.tucomarca.com\/wordpress\/segunda\/wp-json\/wp\/v2\/posts\/45100\/revisions"}],"wp:attachment":[{"href":"https:\/\/www.tucomarca.com\/wordpress\/segunda\/wp-json\/wp\/v2\/media?parent=45100"}],"wp:term":[{"taxonomy":"category","embeddable":true,"href":"https:\/\/www.tucomarca.com\/wordpress\/segunda\/wp-json\/wp\/v2\/categories?post=45100"},{"taxonomy":"post_tag","embeddable":true,"href":"https:\/\/www.tucomarca.com\/wordpress\/segunda\/wp-json\/wp\/v2\/tags?post=45100"}],"curies":[{"name":"wp","href":"https:\/\/api.w.org\/{rel}","templated":true}]}}