{"id":4516,"date":"2012-06-29T23:23:45","date_gmt":"2012-06-29T21:23:45","guid":{"rendered":"http:\/\/www.tucomarca.com\/wordpress\/segunda\/?p=4516"},"modified":"2012-06-30T15:45:35","modified_gmt":"2012-06-30T13:45:35","slug":"la-sierra-martes-se-consume","status":"publish","type":"post","link":"https:\/\/www.tucomarca.com\/wordpress\/segunda\/la-sierra-martes-se-consume\/","title":{"rendered":"La Sierra de Dos Aguas se consume"},"content":{"rendered":"<p style=\"text-align: left;\">&nbsp;<\/p>\n<figure id=\"attachment_4518\" aria-describedby=\"caption-attachment-4518\" style=\"width: 516px\" class=\"wp-caption aligncenter\"><a href=\"https:\/\/www.tucomarca.com\/wordpress\/segunda\/wp-content\/uploads\/2012\/06\/desdebunyol2.jpg\"><img loading=\"lazy\" decoding=\"async\" class=\"size-large wp-image-4518   \" title=\"desdebunyol2\" src=\"https:\/\/www.tucomarca.com\/wordpress\/segunda\/wp-content\/uploads\/2012\/06\/desdebunyol2-e1341004936857-1024x493.jpg\" alt=\"La Sierra Martes, en llamas, vista desde la localidad de Bu\u00f1ol.\" width=\"516\" height=\"248\" srcset=\"https:\/\/www.tucomarca.com\/wordpress\/segunda\/wp-content\/uploads\/2012\/06\/desdebunyol2-e1341004936857-1024x493.jpg 1024w, https:\/\/www.tucomarca.com\/wordpress\/segunda\/wp-content\/uploads\/2012\/06\/desdebunyol2-e1341004936857-300x144.jpg 300w\" sizes=\"auto, (max-width: 516px) 100vw, 516px\" \/><\/a><figcaption id=\"caption-attachment-4518\" class=\"wp-caption-text\">La Sierra Martes, en llamas, vista desde la localidad de Bu\u00f1ol.<\/figcaption><\/figure>\n<p>La Sierra de Dos Aguas, o El Ave, arde en llamas imparablemente. En estos mismos momentos son varios los frentes que se pueden observar desde puntos tan lejanos como Bu\u00f1ol, desde donde se pueden ver las enormes llamaradas que est\u00e1n recorriendo todo el perfil de una de las cordilleras m\u00e1s emblem\u00e1ticas del interior valenciano.<\/p>\n<p style=\"text-align: left;\">Un poco m\u00e1s al este (en los t\u00e9rminos municpales de Tur\u00eds y Montroy) las cosas no aprecen ir mejor, a juzgar por los hasta cuatro focos que se pueden observar tambi\u00e9n desde el mismo casco urbano deBu\u00f1ol.<\/p>\n<p style=\"text-align: left;\">Y\u00e1tova es otro de los frentes donde el viento va a tener mucho que decir. El a estas horas viento un tanto cambiante est\u00e1 haciendo que las llamas no pasen de largo por el t\u00e9rmino y sigan consumiendo una enorme suerficie de los montes yatovenses.<\/p>\n<p style=\"text-align: left;\">Con todo, desde Gobernaci\u00f3n han recordado que son hasta mil los  efectivos terrestres que esta noche estar\u00e1n al pie del ca\u00f1\u00f3n para  vigilar la evoluci\u00f3n de las llamas.<\/p>\n","protected":false},"excerpt":{"rendered":"<div class=\"mh-excerpt\">&nbsp; La Sierra de Dos Aguas, o El Ave, arde en llamas imparablemente. En estos mismos momentos son varios los frentes que se pueden observar desde puntos tan lejanos como Bu\u00f1ol, desde donde se pueden <a class=\"mh-excerpt-more\" href=\"https:\/\/www.tucomarca.com\/wordpress\/segunda\/la-sierra-martes-se-consume\/\" title=\"La Sierra de Dos Aguas se consume\">[+] <\/a><\/div>\n","protected":false},"author":1,"featured_media":4518,"comment_status":"open","ping_status":"open","sticky":false,"template":"","format":"standard","meta":{"footnotes":""},"categories":[38,40,15,8,10,13,3,116,45,11],"tags":[],"class_list":{"0":"post-4516","1":"post","2":"type-post","3":"status-publish","4":"format-standard","5":"has-post-thumbnail","7":"category-ayora-cofrentes","8":"category-cortes-de-pallas","9":"category-dos-aguas","10":"category-la-comarca","11":"category-la-hoya","12":"category-macastre","13":"category-seccion","14":"category-sucesos-la-comarca","15":"category-ventana","16":"category-yatova"},"_links":{"self":[{"href":"https:\/\/www.tucomarca.com\/wordpress\/segunda\/wp-json\/wp\/v2\/posts\/4516","targetHints":{"allow":["GET"]}}],"collection":[{"href":"https:\/\/www.tucomarca.com\/wordpress\/segunda\/wp-json\/wp\/v2\/posts"}],"about":[{"href":"https:\/\/www.tucomarca.com\/wordpress\/segunda\/wp-json\/wp\/v2\/types\/post"}],"author":[{"embeddable":true,"href":"https:\/\/www.tucomarca.com\/wordpress\/segunda\/wp-json\/wp\/v2\/users\/1"}],"replies":[{"embeddable":true,"href":"https:\/\/www.tucomarca.com\/wordpress\/segunda\/wp-json\/wp\/v2\/comments?post=4516"}],"version-history":[{"count":0,"href":"https:\/\/www.tucomarca.com\/wordpress\/segunda\/wp-json\/wp\/v2\/posts\/4516\/revisions"}],"wp:featuredmedia":[{"embeddable":true,"href":"https:\/\/www.tucomarca.com\/wordpress\/segunda\/wp-json\/wp\/v2\/media\/4518"}],"wp:attachment":[{"href":"https:\/\/www.tucomarca.com\/wordpress\/segunda\/wp-json\/wp\/v2\/media?parent=4516"}],"wp:term":[{"taxonomy":"category","embeddable":true,"href":"https:\/\/www.tucomarca.com\/wordpress\/segunda\/wp-json\/wp\/v2\/categories?post=4516"},{"taxonomy":"post_tag","embeddable":true,"href":"https:\/\/www.tucomarca.com\/wordpress\/segunda\/wp-json\/wp\/v2\/tags?post=4516"}],"curies":[{"name":"wp","href":"https:\/\/api.w.org\/{rel}","templated":true}]}}