{"id":45244,"date":"2016-03-22T18:43:06","date_gmt":"2016-03-22T15:43:06","guid":{"rendered":"http:\/\/www.tucomarca.com\/wordpress\/segunda\/?p=45244"},"modified":"2016-03-22T18:43:10","modified_gmt":"2016-03-22T15:43:10","slug":"operacion-contra-el-robo-de-colmenas-en-la-hoya-y-la-ribera","status":"publish","type":"post","link":"https:\/\/www.tucomarca.com\/wordpress\/segunda\/operacion-contra-el-robo-de-colmenas-en-la-hoya-y-la-ribera\/","title":{"rendered":"Operaci\u00f3n contra el robo de colmenas en La Hoya y La Ribera"},"content":{"rendered":"<p><a href=\"https:\/\/www.tucomarca.com\/wordpress\/segunda\/2016\/03\/operacion-contra-el-robo-de-colmenas-en-la-hoya-y-la-ribera\/foto-colmena\/\" rel=\"attachment wp-att-45245\"><img loading=\"lazy\" decoding=\"async\" src=\"https:\/\/www.tucomarca.com\/wordpress\/segunda\/wp-content\/uploads\/2016\/03\/foto-colmena-300x225.jpg\" alt=\"\" title=\"foto colmena\" width=\"300\" height=\"225\" class=\"alignleft size-medium wp-image-45245\" srcset=\"https:\/\/www.tucomarca.com\/wordpress\/segunda\/wp-content\/uploads\/2016\/03\/foto-colmena-300x225.jpg 300w, https:\/\/www.tucomarca.com\/wordpress\/segunda\/wp-content\/uploads\/2016\/03\/foto-colmena-1024x768.jpg 1024w, https:\/\/www.tucomarca.com\/wordpress\/segunda\/wp-content\/uploads\/2016\/03\/foto-colmena.jpeg 1280w\" sizes=\"auto, (max-width: 300px) 100vw, 300px\" \/><\/a>La Guardia Civil, ha detenido a una persona de nacionalidad espa\u00f1ola, por su implicaci\u00f3n en la sustracci\u00f3n de 86 colmenas de abejas y 580 cuadros (paneles que componen el interior de las colmenas) de explotaciones ap\u00edcolas de la provincia de Valencia y Castell\u00f3n.<br \/>\nEl pasado mes de enero de 2016, la Guardia Civil de Chiva, dentro del Plan contra la sustracciones agr\u00edcolas y ganaderas, realizo una inspecci\u00f3n en un asentamiento ap\u00edcola de Godelleta comprobando que algunas colmenas estaban repintadas y no mostraban claramente la numeraci\u00f3n identificativa (matricula ap\u00edcola).<br \/>\nPor ello se inicio la operaci\u00f3n \u201cAPOIDEA\u201d por parte de la Guardia Civil de Chiva y el Equipo de Polic\u00eda Judicial de Ribarroja al objeto de identificar, localizar y detener al autor o autores de estos hechos delictivos que estaban generando gran alarma social entre los apicultores.<br \/>\nFruto de las intensas investigaciones y pesquisas obtenidas por los agentes participantes de la investigaci\u00f3n se pudo comprobar que se trataba de un var\u00f3n que camuflaba colmenas sustra\u00eddas entre las de su propiedad en distintas explotaciones ap\u00edcolas.<br \/>\nFase de explotaci\u00f3n<br \/>\nLa fase de explotaci\u00f3n de este operativo tuvo lugar el pasado d\u00eda 15 de marzo de 2016 cuando se procedi\u00f3 a la detenci\u00f3n en Montroy de un var\u00f3n de 66 a\u00f1os y de nacionalidad espa\u00f1ola por su implicaci\u00f3n en la sustracci\u00f3n de 86 colmenas y 580 cuadros (paneles que componen el interior de las colmenas). En el momento de la detenci\u00f3n se realizo un registro en una nave industrial del t\u00e9rmino municipal de Montroy y en asentamientos ap\u00edcolas de las localidades de Godelleta, Chiva, Turis, Cheste, Montroy y Loriguilla, de donde se pudo recuperar este material que fue devuelto al leg\u00edtimo propietario<br \/>\nModus operandi<br \/>\nEl detenido acced\u00eda a explotaciones ap\u00edcolas de las Comarcas de la Hoya de Bu\u00f1ol y la Ribera Alta, adem\u00e1s de una explotaci\u00f3n ap\u00edcola situada de Castell\u00f3n.<br \/>\nEsta persona actuaba durante el amanecer o atardecer sustrayendo las colmenas y los cuadros, trasportando y distribuyendo estos efectos entre explotaciones ap\u00edcolas de su propiedad situadas en las localidades de Godelleta, Chiva, Tur\u00eds, Cheste, Montroy y Loriguilla.<br \/>\nPara evitar se descubierto y camuflar las colmenas entre las suyas, las enmasillaba para ocultar su numero identificativo, y posteriormente proced\u00eda al repintarlas utilizando un color similar a las de su propiedad, para acabar la transformaci\u00f3n de las colmenas, mediante el uso de una plantilla insertaba su numero identificativo propio.<br \/>\nTambi\u00e9n alteraba parte de la matriculas alfanum\u00e9ricas marcadas a fuego de mayor\u00eda de cuadros (paneles que componen el interior de las colmenas)<br \/>\nEn esta operaci\u00f3n realizada por la Guardia Civil de Chiva y Agentes del Equipo de Polic\u00eda Judicial de Ribaroja, han participado el equipo ROCA y Seprona de la Compa\u00f1\u00eda de Ll\u00edria, Agentes de la Polic\u00eda Local de Godelleta, Tur\u00eds, Loriguilla (Valencia), Agentes Rurales de Cheste, Godelleta, Tur\u00eds, Chiva y asociaciones y agrupaci\u00f3n de apicultores de la provincia de Valencia.<br \/>\nLos efectos sustra\u00eddos por esta persona ascender\u00edan a cerca de 10.000 euros.<br \/>\nCon esta actuaci\u00f3n se ha conseguido esclarecer la sustracci\u00f3n de un n\u00famero importante de efectos y contribuir a mejorar la seguridad objetiva y subjetiva de la ciudadan\u00eda y en concreto de los apicultores de la provincia de Valencia.<br \/>\nAdem\u00e1s, la Guardia Civil recuerda que esta a disposici\u00f3n de los ciudadanos las 24 horas los 365 d\u00edas del a\u00f1o a trav\u00e9s del 062.<br \/>\nLas diligencias han sido puestas a disposici\u00f3n del Juzgado de Instrucci\u00f3n n\u00famero 4 de Requena.<\/p>\n","protected":false},"excerpt":{"rendered":"<div class=\"mh-excerpt\">La Guardia Civil, ha detenido a una persona de nacionalidad espa\u00f1ola, por su implicaci\u00f3n en la sustracci\u00f3n de 86 colmenas de abejas y 580 cuadros (paneles que componen el interior de las colmenas) de explotaciones <a class=\"mh-excerpt-more\" href=\"https:\/\/www.tucomarca.com\/wordpress\/segunda\/operacion-contra-el-robo-de-colmenas-en-la-hoya-y-la-ribera\/\" title=\"Operaci\u00f3n contra el robo de colmenas en La Hoya y La Ribera\">[+] <\/a><\/div>\n","protected":false},"author":2,"featured_media":45245,"comment_status":"open","ping_status":"open","sticky":false,"template":"","format":"standard","meta":{"footnotes":""},"categories":[8,10,42,3,116],"tags":[7230,529,689,1789,428],"class_list":{"0":"post-45244","1":"post","2":"type-post","3":"status-publish","4":"format-standard","5":"has-post-thumbnail","7":"category-la-comarca","8":"category-la-hoya","9":"category-la-ribera","10":"category-seccion","11":"category-sucesos-la-comarca","12":"tag-colmenas","13":"tag-la-hoya-2","14":"tag-la-ribera-2","15":"tag-operacion","16":"tag-robo"},"_links":{"self":[{"href":"https:\/\/www.tucomarca.com\/wordpress\/segunda\/wp-json\/wp\/v2\/posts\/45244","targetHints":{"allow":["GET"]}}],"collection":[{"href":"https:\/\/www.tucomarca.com\/wordpress\/segunda\/wp-json\/wp\/v2\/posts"}],"about":[{"href":"https:\/\/www.tucomarca.com\/wordpress\/segunda\/wp-json\/wp\/v2\/types\/post"}],"author":[{"embeddable":true,"href":"https:\/\/www.tucomarca.com\/wordpress\/segunda\/wp-json\/wp\/v2\/users\/2"}],"replies":[{"embeddable":true,"href":"https:\/\/www.tucomarca.com\/wordpress\/segunda\/wp-json\/wp\/v2\/comments?post=45244"}],"version-history":[{"count":0,"href":"https:\/\/www.tucomarca.com\/wordpress\/segunda\/wp-json\/wp\/v2\/posts\/45244\/revisions"}],"wp:featuredmedia":[{"embeddable":true,"href":"https:\/\/www.tucomarca.com\/wordpress\/segunda\/wp-json\/wp\/v2\/media\/45245"}],"wp:attachment":[{"href":"https:\/\/www.tucomarca.com\/wordpress\/segunda\/wp-json\/wp\/v2\/media?parent=45244"}],"wp:term":[{"taxonomy":"category","embeddable":true,"href":"https:\/\/www.tucomarca.com\/wordpress\/segunda\/wp-json\/wp\/v2\/categories?post=45244"},{"taxonomy":"post_tag","embeddable":true,"href":"https:\/\/www.tucomarca.com\/wordpress\/segunda\/wp-json\/wp\/v2\/tags?post=45244"}],"curies":[{"name":"wp","href":"https:\/\/api.w.org\/{rel}","templated":true}]}}