{"id":4540,"date":"2012-06-30T10:52:34","date_gmt":"2012-06-30T08:52:34","guid":{"rendered":"http:\/\/www.tucomarca.com\/wordpress\/segunda\/?p=4540"},"modified":"2012-06-30T11:08:25","modified_gmt":"2012-06-30T09:08:25","slug":"los-medios-aereos-se-reincorporan-a-las-tareas-de-extincion-en-cortes","status":"publish","type":"post","link":"https:\/\/www.tucomarca.com\/wordpress\/segunda\/los-medios-aereos-se-reincorporan-a-las-tareas-de-extincion-en-cortes\/","title":{"rendered":"Los medios a\u00e9reos se reincorporan a las tareas de extinci\u00f3n en el incendio de Cortes"},"content":{"rendered":"<figure id=\"attachment_4546\" aria-describedby=\"caption-attachment-4546\" style=\"width: 402px\" class=\"wp-caption alignleft\"><a href=\"https:\/\/www.tucomarca.com\/wordpress\/segunda\/wp-content\/uploads\/2012\/06\/DSC_0093.jpg\"><img loading=\"lazy\" decoding=\"async\" class=\"size-large wp-image-4546  \" title=\"DSC_0093\" src=\"https:\/\/www.tucomarca.com\/wordpress\/segunda\/wp-content\/uploads\/2012\/06\/DSC_0093-1024x685.jpg\" alt=\"Uno de los helic\u00f3pteros que participan en las tareas de extinci\u00f3n, en el Centro de Emergencias de Y\u00e1tova.\" width=\"402\" height=\"268\" \/><\/a><figcaption id=\"caption-attachment-4546\" class=\"wp-caption-text\">Uno de los helic\u00f3pteros que participan en las tareas de extinci\u00f3n, en el Centro de Emergencias de Y\u00e1tova.<\/figcaption><\/figure>\n<p>Los efectivos a\u00e9reos se han reincorporado al amanecer a las tareas de extinci\u00f3n en el incendio de Cortes de Pall\u00e1s, donde se est\u00e1 a la espera de la evoluci\u00f3n del viento, que est\u00e1 cambiando por momentos de Poniente a Levante, una circunstancia que podr\u00e1 contribuir a una mayor expansi\u00f3n del incendio.<\/p>\n<p>La noche ha sido larga en localidades como Tur\u00eds, donde se ha habilitado el pabell\u00f3n polideportivo cubierto como improvisado albergue para acoger a buena parte de las personas evacuadas y que todav\u00eda siguen sin poder regresar a sus pueblos o urbanizaciones.<\/p>\n<p>De momento estamos a la espera de que el conseller de Gobernaci\u00f3n, Seraf\u00edn Castellano, ampl\u00ede la informaci\u00f3n sobre le incendio de Andilla, que estaba previsto que lo hiciese a partir de las 9,30 de esta ma\u00f1ana.<\/p>\n<p>El conseller tambi\u00e9n tiene previsto desplazarse luego hasta Y\u00e1tova, al Puesto de Mando Avanzado, para informar desde all\u00ed de la evoluci\u00f3n de las llamas del incendio de Cortes de Pall\u00e1s.<\/p>\n<p>A estas horas, aunque el dato est\u00e1 todav\u00eda por confirmar oficialmente, ser\u00edan cinco los municipios afectados por las llamas: Cortes de Pall\u00e1s, Dos Aguas, Y\u00e1tova, Macastre y Montroy. De este modo las llamas ya habr\u00edan dejado atr\u00e1s los t\u00e9rminos municipales de Alborache, Tur\u00eds y Llombay, aunque seg\u00fan algunas fuentes las llamas se dirigen hacia Carlet y podr\u00eda afectar en unas horas tambi\u00e9n a este t\u00e9rmino municipal.<\/p>\n<p>En el mismo oden de cosas, los dos operarios detenidos cuya presunta imprudencia podr\u00eda haber sido el origen del incendio, pasan hoy a disposici\u00f3n judicial en el juzgado de Requena.<\/p>\n<p>&nbsp;<\/p>\n","protected":false},"excerpt":{"rendered":"<div class=\"mh-excerpt\">Los efectivos a\u00e9reos se han reincorporado al amanecer a las tareas de extinci\u00f3n en el incendio de Cortes de Pall\u00e1s, donde se est\u00e1 a la espera de la evoluci\u00f3n del viento, que est\u00e1 cambiando por <a class=\"mh-excerpt-more\" href=\"https:\/\/www.tucomarca.com\/wordpress\/segunda\/los-medios-aereos-se-reincorporan-a-las-tareas-de-extincion-en-cortes\/\" title=\"Los medios a\u00e9reos se reincorporan a las tareas de extinci\u00f3n en el incendio de Cortes\">[+] <\/a><\/div>\n","protected":false},"author":1,"featured_media":4546,"comment_status":"open","ping_status":"open","sticky":false,"template":"","format":"standard","meta":{"footnotes":""},"categories":[19,38,40,15,8,10,13,3,116,45,11],"tags":[],"class_list":{"0":"post-4540","1":"post","2":"type-post","3":"status-publish","4":"format-standard","5":"has-post-thumbnail","7":"category-alborache","8":"category-ayora-cofrentes","9":"category-cortes-de-pallas","10":"category-dos-aguas","11":"category-la-comarca","12":"category-la-hoya","13":"category-macastre","14":"category-seccion","15":"category-sucesos-la-comarca","16":"category-ventana","17":"category-yatova"},"_links":{"self":[{"href":"https:\/\/www.tucomarca.com\/wordpress\/segunda\/wp-json\/wp\/v2\/posts\/4540","targetHints":{"allow":["GET"]}}],"collection":[{"href":"https:\/\/www.tucomarca.com\/wordpress\/segunda\/wp-json\/wp\/v2\/posts"}],"about":[{"href":"https:\/\/www.tucomarca.com\/wordpress\/segunda\/wp-json\/wp\/v2\/types\/post"}],"author":[{"embeddable":true,"href":"https:\/\/www.tucomarca.com\/wordpress\/segunda\/wp-json\/wp\/v2\/users\/1"}],"replies":[{"embeddable":true,"href":"https:\/\/www.tucomarca.com\/wordpress\/segunda\/wp-json\/wp\/v2\/comments?post=4540"}],"version-history":[{"count":0,"href":"https:\/\/www.tucomarca.com\/wordpress\/segunda\/wp-json\/wp\/v2\/posts\/4540\/revisions"}],"wp:featuredmedia":[{"embeddable":true,"href":"https:\/\/www.tucomarca.com\/wordpress\/segunda\/wp-json\/wp\/v2\/media\/4546"}],"wp:attachment":[{"href":"https:\/\/www.tucomarca.com\/wordpress\/segunda\/wp-json\/wp\/v2\/media?parent=4540"}],"wp:term":[{"taxonomy":"category","embeddable":true,"href":"https:\/\/www.tucomarca.com\/wordpress\/segunda\/wp-json\/wp\/v2\/categories?post=4540"},{"taxonomy":"post_tag","embeddable":true,"href":"https:\/\/www.tucomarca.com\/wordpress\/segunda\/wp-json\/wp\/v2\/tags?post=4540"}],"curies":[{"name":"wp","href":"https:\/\/api.w.org\/{rel}","templated":true}]}}