{"id":45442,"date":"2016-04-01T15:54:19","date_gmt":"2016-04-01T12:54:19","guid":{"rendered":"http:\/\/www.tucomarca.com\/wordpress\/segunda\/?p=45442"},"modified":"2016-04-01T15:54:19","modified_gmt":"2016-04-01T12:54:19","slug":"concierto-conmemorativo-de-la-inauguracion-del-teatro-montecarlo-de-bunol","status":"publish","type":"post","link":"https:\/\/www.tucomarca.com\/wordpress\/segunda\/concierto-conmemorativo-de-la-inauguracion-del-teatro-montecarlo-de-bunol\/","title":{"rendered":"Concierto conmemorativo de la inauguraci\u00f3n del Teatro Montecarlo de Bu\u00f1ol"},"content":{"rendered":"<p>La Sociedad Musical \u00abLa Art\u00edstica\u00bb de Bu\u00f1ol ofrece este s\u00e1bado 2 de abril (a las 19 horas) el primero de los conciertos enmarcados en la conmemoraci\u00f3n del LXIII Aniversario del Teatro Montecarlo. La cita la protagonizar\u00e1n la Orquesta Sinf\u00f3nica y la Banda Sinf\u00f3nica de la entidad, ambas dirigidas por Henrie Adams.<\/p>\n","protected":false},"excerpt":{"rendered":"<div class=\"mh-excerpt\">La Sociedad Musical \u00abLa Art\u00edstica\u00bb de Bu\u00f1ol ofrece este s\u00e1bado 2 de abril (a las 19 horas) el primero de los conciertos enmarcados en la conmemoraci\u00f3n del LXIII Aniversario del Teatro Montecarlo. La cita la <a class=\"mh-excerpt-more\" href=\"https:\/\/www.tucomarca.com\/wordpress\/segunda\/concierto-conmemorativo-de-la-inauguracion-del-teatro-montecarlo-de-bunol\/\" title=\"Concierto conmemorativo de la inauguraci\u00f3n del Teatro Montecarlo de Bu\u00f1ol\">[+] <\/a><\/div>\n","protected":false},"author":2,"featured_media":0,"comment_status":"open","ping_status":"open","sticky":false,"template":"","format":"standard","meta":{"footnotes":""},"categories":[4,3],"tags":[1117,10385,95,10255,807],"class_list":{"0":"post-45442","1":"post","2":"type-post","3":"status-publish","4":"format-standard","6":"category-agenda","7":"category-seccion","8":"tag-aniversario","9":"tag-bunol","10":"tag-concierto","11":"tag-conmemorativo","12":"tag-montecarlo"},"_links":{"self":[{"href":"https:\/\/www.tucomarca.com\/wordpress\/segunda\/wp-json\/wp\/v2\/posts\/45442","targetHints":{"allow":["GET"]}}],"collection":[{"href":"https:\/\/www.tucomarca.com\/wordpress\/segunda\/wp-json\/wp\/v2\/posts"}],"about":[{"href":"https:\/\/www.tucomarca.com\/wordpress\/segunda\/wp-json\/wp\/v2\/types\/post"}],"author":[{"embeddable":true,"href":"https:\/\/www.tucomarca.com\/wordpress\/segunda\/wp-json\/wp\/v2\/users\/2"}],"replies":[{"embeddable":true,"href":"https:\/\/www.tucomarca.com\/wordpress\/segunda\/wp-json\/wp\/v2\/comments?post=45442"}],"version-history":[{"count":0,"href":"https:\/\/www.tucomarca.com\/wordpress\/segunda\/wp-json\/wp\/v2\/posts\/45442\/revisions"}],"wp:attachment":[{"href":"https:\/\/www.tucomarca.com\/wordpress\/segunda\/wp-json\/wp\/v2\/media?parent=45442"}],"wp:term":[{"taxonomy":"category","embeddable":true,"href":"https:\/\/www.tucomarca.com\/wordpress\/segunda\/wp-json\/wp\/v2\/categories?post=45442"},{"taxonomy":"post_tag","embeddable":true,"href":"https:\/\/www.tucomarca.com\/wordpress\/segunda\/wp-json\/wp\/v2\/tags?post=45442"}],"curies":[{"name":"wp","href":"https:\/\/api.w.org\/{rel}","templated":true}]}}