{"id":45452,"date":"2016-04-01T15:46:17","date_gmt":"2016-04-01T12:46:17","guid":{"rendered":"http:\/\/www.tucomarca.com\/wordpress\/segunda\/?p=45452"},"modified":"2016-04-01T15:46:17","modified_gmt":"2016-04-01T12:46:17","slug":"el-pleno-de-san-antonio-de-benageber-vota-llevar-a-fiscalia-la-contratacion-del-nuevo-software-de-recaudacion","status":"publish","type":"post","link":"https:\/\/www.tucomarca.com\/wordpress\/segunda\/el-pleno-de-san-antonio-de-benageber-vota-llevar-a-fiscalia-la-contratacion-del-nuevo-software-de-recaudacion\/","title":{"rendered":"El Pleno de San Antonio de Benag\u00e9ber vota llevar a Fiscal\u00eda la contrataci\u00f3n del nuevo software de recaudaci\u00f3n"},"content":{"rendered":"<p><span style=\"color: #000000;\">Tal como han informado fuentes de la Plataforma-GuanyemSAB-Comprom\u00eds, todos los concejales de todos los grupos municipales (PSOE, PP, Plataforma-GuanyemSAB-Comprom\u00eds y Aisab) votaron a favor de la moci\u00f3n para llevar el asunto a Fiscal\u00eda. \u00abLlama la atenci\u00f3n el voto favorable de los concejales de Aisab, del propio equipo de gobierno, ya que han sido ellos quienes han realizado la contrataci\u00f3n\u00bb, seg\u00fan el<\/span> portavoz de Plataforma-GuanyemSAB-Comprom\u00eds, Sr. Orozco, que ante las dudas suscitadas apoy\u00f3 que sea la Fiscal\u00eda quien dirima si hay irregularidades en el procedimiento de contrataci\u00f3n.<\/p>\n<p><span style=\"color: #000000;\">\u00abLa licitaci\u00f3n del alquiler del nuevo software de recaudaci\u00f3n suscit\u00f3 dudas en la Mesa de Contrataci\u00f3n desde un primer momento en enero. Nuestro grupo present\u00f3 un escrito con 9 aspectos a ser aclarados y d\u00edas despu\u00e9s solicit\u00f3 un informe de Secretar\u00eda ante los aspectos no claros ni suficientemente aclarados. El Informe no se nos ha entregado. Tambi\u00e9n present\u00f3 un Recurso de reposici\u00f3n ante todas estas circunstancias en la contrataci\u00f3n que a\u00fan no ha sido resuelto por el ayuntamiento\u00bb.<\/span><\/p>\n<p><span style=\"color: #000000;\">\u00abEl alquiler de un software de recaudaci\u00f3n mediante la f\u00f3rmula de Procedimiento Negociado sin publicidad por valor de 72.000 \u20ac y por s\u00f3lo un a\u00f1o ha sido puesto en duda desde el primer momento. Mucho dinero para el alquiler de un programa para s\u00f3lo un a\u00f1o (\u00bfel a\u00f1o que viene qu\u00e9, otros 70.000 \u20ac?) y, adem\u00e1s, sin pasar por el Pleno por el procedimiento y la duraci\u00f3n elegida. Hay alternativas en el mercado adecuadas para nuestro perfil de recaudaci\u00f3n que cuestan unos 7.000 \u20ac a\u00f1o, 10 veces menos\u2026\u00bb<\/span><\/p>\n<p><span style=\"color: #000000;\">El Grupo Popular tambi\u00e9n present\u00f3 escritos en su momento que derivaron en la interposici\u00f3n de una querella por parte del ayuntamiento contra su portavoz, el Sr. Ca\u00f1izares, por expresar la opini\u00f3n de que parec\u00eda un \u201carreglo\u201d. Y ayer, el Grupo Popular present\u00f3 una Moci\u00f3n para llevar a Fiscal\u00eda este expediente de contrataci\u00f3n. La propuesta fue votada por unanimidad, incluso vot\u00f3 a favor el equipo de gobierno de Aisab. Esto supone que el gobierno municipal apoya llevarse a s\u00ed mismo ante la Fiscal\u00eda.<\/span><\/p>\n<p>&nbsp;<\/p>\n","protected":false},"excerpt":{"rendered":"<div class=\"mh-excerpt\">Tal como han informado fuentes de la Plataforma-GuanyemSAB-Comprom\u00eds, todos los concejales de todos los grupos municipales (PSOE, PP, Plataforma-GuanyemSAB-Comprom\u00eds y Aisab) votaron a favor de la moci\u00f3n para llevar el asunto a Fiscal\u00eda. \u00abLlama la <a class=\"mh-excerpt-more\" href=\"https:\/\/www.tucomarca.com\/wordpress\/segunda\/el-pleno-de-san-antonio-de-benageber-vota-llevar-a-fiscalia-la-contratacion-del-nuevo-software-de-recaudacion\/\" title=\"El Pleno de San Antonio de Benag\u00e9ber vota llevar a Fiscal\u00eda la contrataci\u00f3n del nuevo software de recaudaci\u00f3n\">[+] <\/a><\/div>\n","protected":false},"author":1,"featured_media":0,"comment_status":"open","ping_status":"open","sticky":false,"template":"","format":"standard","meta":{"footnotes":""},"categories":[46,8,142,183,3],"tags":[],"class_list":{"0":"post-45452","1":"post","2":"type-post","3":"status-publish","4":"format-standard","6":"category-camp-de-turia","7":"category-la-comarca","8":"category-politica-la-comarca","9":"category-san-antonio-de-benageber","10":"category-seccion"},"_links":{"self":[{"href":"https:\/\/www.tucomarca.com\/wordpress\/segunda\/wp-json\/wp\/v2\/posts\/45452","targetHints":{"allow":["GET"]}}],"collection":[{"href":"https:\/\/www.tucomarca.com\/wordpress\/segunda\/wp-json\/wp\/v2\/posts"}],"about":[{"href":"https:\/\/www.tucomarca.com\/wordpress\/segunda\/wp-json\/wp\/v2\/types\/post"}],"author":[{"embeddable":true,"href":"https:\/\/www.tucomarca.com\/wordpress\/segunda\/wp-json\/wp\/v2\/users\/1"}],"replies":[{"embeddable":true,"href":"https:\/\/www.tucomarca.com\/wordpress\/segunda\/wp-json\/wp\/v2\/comments?post=45452"}],"version-history":[{"count":0,"href":"https:\/\/www.tucomarca.com\/wordpress\/segunda\/wp-json\/wp\/v2\/posts\/45452\/revisions"}],"wp:attachment":[{"href":"https:\/\/www.tucomarca.com\/wordpress\/segunda\/wp-json\/wp\/v2\/media?parent=45452"}],"wp:term":[{"taxonomy":"category","embeddable":true,"href":"https:\/\/www.tucomarca.com\/wordpress\/segunda\/wp-json\/wp\/v2\/categories?post=45452"},{"taxonomy":"post_tag","embeddable":true,"href":"https:\/\/www.tucomarca.com\/wordpress\/segunda\/wp-json\/wp\/v2\/tags?post=45452"}],"curies":[{"name":"wp","href":"https:\/\/api.w.org\/{rel}","templated":true}]}}