{"id":45459,"date":"2016-04-04T10:40:18","date_gmt":"2016-04-04T07:40:18","guid":{"rendered":"http:\/\/www.tucomarca.com\/wordpress\/segunda\/?p=45459"},"modified":"2016-04-04T10:40:21","modified_gmt":"2016-04-04T07:40:21","slug":"los-nueve-alcaldes-de-requena-utiel-preparan-un-proyecto-europeo-conjunto-para-la-comarca","status":"publish","type":"post","link":"https:\/\/www.tucomarca.com\/wordpress\/segunda\/los-nueve-alcaldes-de-requena-utiel-preparan-un-proyecto-europeo-conjunto-para-la-comarca\/","title":{"rendered":"Los nueve alcaldes de Requena-Utiel preparan un proyecto europeo conjunto para la comarca"},"content":{"rendered":"<p><a href=\"https:\/\/www.tucomarca.com\/wordpress\/segunda\/2016\/04\/los-nueve-alcaldes-de-requena-utiel-preparan-un-proyecto-europeo-conjunto-para-la-comarca\/foto-grupo\/\" rel=\"attachment wp-att-45460\"><img loading=\"lazy\" decoding=\"async\" src=\"https:\/\/www.tucomarca.com\/wordpress\/segunda\/wp-content\/uploads\/2016\/04\/Foto-grupo-300x225.jpg\" alt=\"\" title=\"Foto grupo\" width=\"300\" height=\"225\" class=\"alignleft size-medium wp-image-45460\" srcset=\"https:\/\/www.tucomarca.com\/wordpress\/segunda\/wp-content\/uploads\/2016\/04\/Foto-grupo-300x225.jpg 300w, https:\/\/www.tucomarca.com\/wordpress\/segunda\/wp-content\/uploads\/2016\/04\/Foto-grupo-1024x768.jpg 1024w, https:\/\/www.tucomarca.com\/wordpress\/segunda\/wp-content\/uploads\/2016\/04\/Foto-grupo.jpg 1600w\" sizes=\"auto, (max-width: 300px) 100vw, 300px\" \/><\/a>El diputado de Proyectos Europeos, Bartolom\u00e9 Nofuentes, se ha reunido con los nueve alcaldes de la comarca de Requena-Utiel para analizar los planes estrat\u00e9gicos de cada municipio en materia de fondos europeos y ponerlos en com\u00fan, con el objetivo de elaborar un proyecto europeo que integre las prioridades de la comarca.<\/p>\n<p>Los alcaldes de Camporrobles, Caudete de las Fuentes, Chera, Fuenterrobles, Requena, Sinarcas, Utiel, Venta del Moroy Villargordo del Cabriel han presentado al responsable de Asuntos Europeos de la Diputaci\u00f3n las preferencias y las necesidades de sus municipios, as\u00ed como los planes de mandato que cada entidad local ha definido con sus equipos municipales.<\/p>\n<p>Bartolom\u00e9 Nofuentes ha valorado el trabajo conjunto que est\u00e1n realizando los primeros ediles de la comarca de Requena-Utiel y ha ofrecido el asesoramiento y la asistencia del \u00c1rea que dirige en la Diputaci\u00f3n para que los municipios valencianos pueden aprovechar las l\u00edneas de financiaci\u00f3n europea que m\u00e1s les beneficien.<\/p>\n","protected":false},"excerpt":{"rendered":"<div class=\"mh-excerpt\">El diputado de Proyectos Europeos, Bartolom\u00e9 Nofuentes, se ha reunido con los nueve alcaldes de la comarca de Requena-Utiel para analizar los planes estrat\u00e9gicos de cada municipio en materia de fondos europeos y ponerlos en <a class=\"mh-excerpt-more\" href=\"https:\/\/www.tucomarca.com\/wordpress\/segunda\/los-nueve-alcaldes-de-requena-utiel-preparan-un-proyecto-europeo-conjunto-para-la-comarca\/\" title=\"Los nueve alcaldes de Requena-Utiel preparan un proyecto europeo conjunto para la comarca\">[+] <\/a><\/div>\n","protected":false},"author":2,"featured_media":45460,"comment_status":"open","ping_status":"open","sticky":false,"template":"","format":"standard","meta":{"footnotes":""},"categories":[8,142,27,3,45],"tags":[1093,9295,4302,10387,967],"class_list":{"0":"post-45459","1":"post","2":"type-post","3":"status-publish","4":"format-standard","5":"has-post-thumbnail","7":"category-la-comarca","8":"category-politica-la-comarca","9":"category-requena-utiel","10":"category-seccion","11":"category-ventana","12":"tag-alcaldes","13":"tag-nofuentes","14":"tag-proyecto-europeo","15":"tag-requena-utiel","16":"tag-reunion"},"_links":{"self":[{"href":"https:\/\/www.tucomarca.com\/wordpress\/segunda\/wp-json\/wp\/v2\/posts\/45459","targetHints":{"allow":["GET"]}}],"collection":[{"href":"https:\/\/www.tucomarca.com\/wordpress\/segunda\/wp-json\/wp\/v2\/posts"}],"about":[{"href":"https:\/\/www.tucomarca.com\/wordpress\/segunda\/wp-json\/wp\/v2\/types\/post"}],"author":[{"embeddable":true,"href":"https:\/\/www.tucomarca.com\/wordpress\/segunda\/wp-json\/wp\/v2\/users\/2"}],"replies":[{"embeddable":true,"href":"https:\/\/www.tucomarca.com\/wordpress\/segunda\/wp-json\/wp\/v2\/comments?post=45459"}],"version-history":[{"count":0,"href":"https:\/\/www.tucomarca.com\/wordpress\/segunda\/wp-json\/wp\/v2\/posts\/45459\/revisions"}],"wp:featuredmedia":[{"embeddable":true,"href":"https:\/\/www.tucomarca.com\/wordpress\/segunda\/wp-json\/wp\/v2\/media\/45460"}],"wp:attachment":[{"href":"https:\/\/www.tucomarca.com\/wordpress\/segunda\/wp-json\/wp\/v2\/media?parent=45459"}],"wp:term":[{"taxonomy":"category","embeddable":true,"href":"https:\/\/www.tucomarca.com\/wordpress\/segunda\/wp-json\/wp\/v2\/categories?post=45459"},{"taxonomy":"post_tag","embeddable":true,"href":"https:\/\/www.tucomarca.com\/wordpress\/segunda\/wp-json\/wp\/v2\/tags?post=45459"}],"curies":[{"name":"wp","href":"https:\/\/api.w.org\/{rel}","templated":true}]}}