{"id":45596,"date":"2016-04-06T18:48:43","date_gmt":"2016-04-06T15:48:43","guid":{"rendered":"http:\/\/www.tucomarca.com\/wordpress\/segunda\/?p=45596"},"modified":"2016-04-06T18:48:48","modified_gmt":"2016-04-06T15:48:48","slug":"los-municipios-de-la-hoya-de-bunol-chiva-reciben-asistencia-de-la-diputacion-en-materia-de-financiacion-europea","status":"publish","type":"post","link":"https:\/\/www.tucomarca.com\/wordpress\/segunda\/los-municipios-de-la-hoya-de-bunol-chiva-reciben-asistencia-de-la-diputacion-en-materia-de-financiacion-europea\/","title":{"rendered":"Los municipios de La Hoya de Bu\u00f1ol-Chiva reciben asistencia de la Diputaci\u00f3n en materia de financiaci\u00f3n europea"},"content":{"rendered":"<p><a href=\"https:\/\/www.tucomarca.com\/wordpress\/segunda\/2016\/04\/los-municipios-de-la-hoya-de-bunol-chiva-reciben-asistencia-de-la-diputacion-en-materia-de-financiacion-europea\/mancomunidad-3\/\" rel=\"attachment wp-att-45597\"><img loading=\"lazy\" decoding=\"async\" src=\"https:\/\/www.tucomarca.com\/wordpress\/segunda\/wp-content\/uploads\/2016\/04\/mancomunidad-e1459957621593-300x195.jpg\" alt=\"\" title=\"mancomunidad\" width=\"300\" height=\"195\" class=\"alignleft size-medium wp-image-45597\" srcset=\"https:\/\/www.tucomarca.com\/wordpress\/segunda\/wp-content\/uploads\/2016\/04\/mancomunidad-e1459957621593-300x195.jpg 300w, https:\/\/www.tucomarca.com\/wordpress\/segunda\/wp-content\/uploads\/2016\/04\/mancomunidad-e1459957621593-1024x668.jpg 1024w, https:\/\/www.tucomarca.com\/wordpress\/segunda\/wp-content\/uploads\/2016\/04\/mancomunidad-e1459957621593.jpg 1592w\" sizes=\"auto, (max-width: 300px) 100vw, 300px\" \/><\/a>El diputado de Proyectos Europeos, Bartolom\u00e9 Nofuentes, se reuni\u00f3 en Y\u00e1tova con los alcaldes de la comarca de La Hoya de Bu\u00f1ol-Chiva para analizar los planes estrat\u00e9gicos de cada municipio con el objetivo de estudiar las posibilidades de financiaci\u00f3n y participaci\u00f3n que la Uni\u00f3n Europea ofrece a las entidades locales.<\/p>\n<p>Los alcaldes de Alborache, Bu\u00f1ol, Cheste, Chiva, Dos Aguas, Godelleta, Macastre, Siete Aguas y Y\u00e1tova, as\u00ed como distintas asociaciones de la comarca relacionadas con la gesti\u00f3n del agua, han presentado al responsable de Asuntos Europeos de la Diputaci\u00f3n las preferencias y las necesidades de sus municipios, as\u00ed como los planes de gesti\u00f3n que han definido los equipos municipales en sus localidades.<\/p>\n<p>Bartolom\u00e9 Nofuentes ha valorado el inter\u00e9s que los municipios valencianos muestran hacia la Uni\u00f3n Europea y ha ofrecido el asesoramiento y la asistencia del \u00c1rea que dirige en la instituci\u00f3n provincial para que las entidades locales puedan aprovechar las l\u00edneas de financiaci\u00f3n europea que m\u00e1s les beneficien.<\/p>\n","protected":false},"excerpt":{"rendered":"<div class=\"mh-excerpt\">El diputado de Proyectos Europeos, Bartolom\u00e9 Nofuentes, se reuni\u00f3 en Y\u00e1tova con los alcaldes de la comarca de La Hoya de Bu\u00f1ol-Chiva para analizar los planes estrat\u00e9gicos de cada municipio con el objetivo de estudiar <a class=\"mh-excerpt-more\" href=\"https:\/\/www.tucomarca.com\/wordpress\/segunda\/los-municipios-de-la-hoya-de-bunol-chiva-reciben-asistencia-de-la-diputacion-en-materia-de-financiacion-europea\/\" title=\"Los municipios de La Hoya de Bu\u00f1ol-Chiva reciben asistencia de la Diputaci\u00f3n en materia de financiaci\u00f3n europea\">[+] <\/a><\/div>\n","protected":false},"author":2,"featured_media":45597,"comment_status":"open","ping_status":"open","sticky":false,"template":"","format":"standard","meta":{"footnotes":""},"categories":[8,72,10,3,45],"tags":[2513,204,4801,529,3002,2170],"class_list":{"0":"post-45596","1":"post","2":"type-post","3":"status-publish","4":"format-standard","5":"has-post-thumbnail","7":"category-la-comarca","8":"category-sin-categorizar","9":"category-la-hoya","10":"category-seccion","11":"category-ventana","12":"tag-ayudas-europeas","13":"tag-diputacion","14":"tag-informa","15":"tag-la-hoya-2","16":"tag-proyectos","17":"tag-pueblos"},"_links":{"self":[{"href":"https:\/\/www.tucomarca.com\/wordpress\/segunda\/wp-json\/wp\/v2\/posts\/45596","targetHints":{"allow":["GET"]}}],"collection":[{"href":"https:\/\/www.tucomarca.com\/wordpress\/segunda\/wp-json\/wp\/v2\/posts"}],"about":[{"href":"https:\/\/www.tucomarca.com\/wordpress\/segunda\/wp-json\/wp\/v2\/types\/post"}],"author":[{"embeddable":true,"href":"https:\/\/www.tucomarca.com\/wordpress\/segunda\/wp-json\/wp\/v2\/users\/2"}],"replies":[{"embeddable":true,"href":"https:\/\/www.tucomarca.com\/wordpress\/segunda\/wp-json\/wp\/v2\/comments?post=45596"}],"version-history":[{"count":0,"href":"https:\/\/www.tucomarca.com\/wordpress\/segunda\/wp-json\/wp\/v2\/posts\/45596\/revisions"}],"wp:featuredmedia":[{"embeddable":true,"href":"https:\/\/www.tucomarca.com\/wordpress\/segunda\/wp-json\/wp\/v2\/media\/45597"}],"wp:attachment":[{"href":"https:\/\/www.tucomarca.com\/wordpress\/segunda\/wp-json\/wp\/v2\/media?parent=45596"}],"wp:term":[{"taxonomy":"category","embeddable":true,"href":"https:\/\/www.tucomarca.com\/wordpress\/segunda\/wp-json\/wp\/v2\/categories?post=45596"},{"taxonomy":"post_tag","embeddable":true,"href":"https:\/\/www.tucomarca.com\/wordpress\/segunda\/wp-json\/wp\/v2\/tags?post=45596"}],"curies":[{"name":"wp","href":"https:\/\/api.w.org\/{rel}","templated":true}]}}