{"id":45694,"date":"2016-04-11T11:16:08","date_gmt":"2016-04-11T08:16:08","guid":{"rendered":"http:\/\/www.tucomarca.com\/wordpress\/segunda\/?p=45694"},"modified":"2016-04-11T11:16:08","modified_gmt":"2016-04-11T08:16:08","slug":"comienzan-las-obras-de-reparacion-de-la-calle-garcia-montes-en-requena","status":"publish","type":"post","link":"https:\/\/www.tucomarca.com\/wordpress\/segunda\/comienzan-las-obras-de-reparacion-de-la-calle-garcia-montes-en-requena\/","title":{"rendered":"Comienzan las obras de reparaci\u00f3n de la calle Garc\u00eda Mont\u00e9s en Requena"},"content":{"rendered":"<p>Desde este lunes 11 de abril se va a proceder a la reparaci\u00f3n de la calle Garc\u00eda Mont\u00e9s de Requena.<\/p>\n<p>La intervenci\u00f3n constar\u00e1 de cuatro fases diferenciadas, con el objetivo de minimizar el impacto sobre el tr\u00e1fico rodado y facilitar el acceso a comerciantes y usuarios de los garajes de la zona.<\/p>\n<p>Esta primera fase que comienza ahora supondr\u00e1 la prohibici\u00f3n de acceso a la Calle Garc\u00eda Mont\u00e9s desde la Avda. Valencia.  Estar\u00e1 cerrado al tr\u00e1fico el tramo de Garc\u00eda Mont\u00e9s desde el acceso de la C\/ Villajoyosa y hasta la Plaza del Portal.<br \/>\nEsto implica el cambio de direcci\u00f3n de la Calle Garc\u00eda Montes desde Villajoyosa, que pasa a ser \u201cde bajada\u201d (direcci\u00f3n Avd. Valencia).<\/p>\n<p>Este cambio de direcci\u00f3n afectar\u00e1 tambi\u00e9n a la Calle y Cuesta del Cristo, que cambian de direcci\u00f3n y ser\u00e1n de \u201csubida\u201d. Esto implica la prohibici\u00f3n de acceso a la C\/ del Cristo desde la Plaza de Albornoz.<\/p>\n<p>El resto de fases se ir\u00e1n sucediendo y se emitir\u00e1n los comunicados pertinentes para los comerciantes y ciudadan\u00eda en general.<\/p>\n<p>Con motivo de estas obras, el Ayuntamiento se ha puesto en contacto con diversas empresas que suelen acometer obras en este entorno (cableado, tuber\u00edas, etc) para comunicarles esta actuaci\u00f3n y que puedan acometer ahora sus mejoras si lo consideran oportuno.<\/p>\n","protected":false},"excerpt":{"rendered":"<div class=\"mh-excerpt\">Desde este lunes 11 de abril se va a proceder a la reparaci\u00f3n de la calle Garc\u00eda Mont\u00e9s de Requena. La intervenci\u00f3n constar\u00e1 de cuatro fases diferenciadas, con el objetivo de minimizar el impacto sobre <a class=\"mh-excerpt-more\" href=\"https:\/\/www.tucomarca.com\/wordpress\/segunda\/comienzan-las-obras-de-reparacion-de-la-calle-garcia-montes-en-requena\/\" title=\"Comienzan las obras de reparaci\u00f3n de la calle Garc\u00eda Mont\u00e9s en Requena\">[+] <\/a><\/div>\n","protected":false},"author":2,"featured_media":0,"comment_status":"open","ping_status":"open","sticky":false,"template":"","format":"standard","meta":{"footnotes":""},"categories":[8,28,27,3],"tags":[1327,10300,765,1159,10388],"class_list":{"0":"post-45694","1":"post","2":"type-post","3":"status-publish","4":"format-standard","6":"category-la-comarca","7":"category-requena","8":"category-requena-utiel","9":"category-seccion","10":"tag-calles-2","11":"tag-garcia-montes","12":"tag-obras","13":"tag-reparacion","14":"tag-requena"},"_links":{"self":[{"href":"https:\/\/www.tucomarca.com\/wordpress\/segunda\/wp-json\/wp\/v2\/posts\/45694","targetHints":{"allow":["GET"]}}],"collection":[{"href":"https:\/\/www.tucomarca.com\/wordpress\/segunda\/wp-json\/wp\/v2\/posts"}],"about":[{"href":"https:\/\/www.tucomarca.com\/wordpress\/segunda\/wp-json\/wp\/v2\/types\/post"}],"author":[{"embeddable":true,"href":"https:\/\/www.tucomarca.com\/wordpress\/segunda\/wp-json\/wp\/v2\/users\/2"}],"replies":[{"embeddable":true,"href":"https:\/\/www.tucomarca.com\/wordpress\/segunda\/wp-json\/wp\/v2\/comments?post=45694"}],"version-history":[{"count":0,"href":"https:\/\/www.tucomarca.com\/wordpress\/segunda\/wp-json\/wp\/v2\/posts\/45694\/revisions"}],"wp:attachment":[{"href":"https:\/\/www.tucomarca.com\/wordpress\/segunda\/wp-json\/wp\/v2\/media?parent=45694"}],"wp:term":[{"taxonomy":"category","embeddable":true,"href":"https:\/\/www.tucomarca.com\/wordpress\/segunda\/wp-json\/wp\/v2\/categories?post=45694"},{"taxonomy":"post_tag","embeddable":true,"href":"https:\/\/www.tucomarca.com\/wordpress\/segunda\/wp-json\/wp\/v2\/tags?post=45694"}],"curies":[{"name":"wp","href":"https:\/\/api.w.org\/{rel}","templated":true}]}}