{"id":45704,"date":"2016-04-11T13:34:52","date_gmt":"2016-04-11T10:34:52","guid":{"rendered":"http:\/\/www.tucomarca.com\/wordpress\/segunda\/?p=45704"},"modified":"2016-04-11T13:34:56","modified_gmt":"2016-04-11T10:34:56","slug":"la-unio-musical-de-riba-roja-del-turia-va-aconseguir-un-primer-premi-en-el-x-certamen-internacional-de-bandes-de-musica-vila-de-la-senia","status":"publish","type":"post","link":"https:\/\/www.tucomarca.com\/wordpress\/segunda\/la-unio-musical-de-riba-roja-del-turia-va-aconseguir-un-primer-premi-en-el-x-certamen-internacional-de-bandes-de-musica-vila-de-la-senia\/","title":{"rendered":"La Uni\u00f3 Musical de Riba-roja del T\u00faria va aconseguir un primer premi en el X Certamen Internacional de Bandes de M\u00fasica Vila de la S\u00e9nia"},"content":{"rendered":"<p><a href=\"https:\/\/www.tucomarca.com\/wordpress\/segunda\/2016\/04\/la-unio-musical-de-riba-roja-del-turia-va-aconseguir-un-primer-premi-en-el-x-certamen-internacional-de-bandes-de-musica-vila-de-la-senia\/desfilada-bandesok\/\" rel=\"attachment wp-att-45705\"><img loading=\"lazy\" decoding=\"async\" src=\"https:\/\/www.tucomarca.com\/wordpress\/segunda\/wp-content\/uploads\/2016\/04\/desfilada-bandesok-300x199.jpg\" alt=\"\" title=\"desfilada bandesok\" width=\"300\" height=\"199\" class=\"alignleft size-medium wp-image-45705\" srcset=\"https:\/\/www.tucomarca.com\/wordpress\/segunda\/wp-content\/uploads\/2016\/04\/desfilada-bandesok-300x199.jpg 300w, https:\/\/www.tucomarca.com\/wordpress\/segunda\/wp-content\/uploads\/2016\/04\/desfilada-bandesok.jpeg 797w\" sizes=\"auto, (max-width: 300px) 100vw, 300px\" \/><\/a>La Banda de M\u00fasica de la Sociedad Musical de Cehegin de Murcia, amb 283,5 punts, i la banda de la Uni\u00f3 Musical de Riba-roja del T\u00faria, amb 283 punts, van aconseguir un primer premi en el X Certamen Internacional de Bandes de M\u00fasica Vila de la S\u00e9nia, celebrat aquest passat dissabte en aquesta poblaci\u00f3 del Montsi\u00e0. En quedar en un barem entre 281 i 330 punts, a les dues bandes els corresponia un primer premi, per\u00f2 la banda de M\u00farcia en tenir un ajustat mig punt m\u00e9s de puntuaci\u00f3 \u00e9s la que va rebre el primer premi especial del jurat i la que es va emportar els 4.000 euros de guard\u00f3, el trofeu i un diploma acreditatiu. L\u2019altra banda guanyadora, la de Val\u00e8ncia, va rebre un diploma que tamb\u00e9 acreditava la seva classificaci\u00f3, diploma que tamb\u00e9 corresponia a la banda que va guanyar el segon premi: l\u2019Associaci\u00f3 Musico Cultural Banda Municipal de M\u00fasica El Espinar de Seg\u00f2via, que va aconseguir 256,5 punts. El coordinador del certamen i director de la Banda de M\u00fasica de l\u2019Agrupaci\u00f3 Musical Senienca (AMS), Pep Vila, ha explicat que \u201ctotes les bandes tenien un nivell excel\u00b7lent per\u00f2 el jurat ha hagut d\u2019escollir-ne una despr\u00e9s de valorar el treball t\u00e8cnic i interpretatiu que hi han fet les tres de les dues obres del concurs. Eren obres de cert nivell per\u00f2 alhora atractives per al p\u00fablic assistent\u201d. Un p\u00fablic que un any m\u00e9s ha participat massivament i ha omplert la Casa de Cultura de La S\u00e9nia on es realitzava l\u2019esdeveniment. El bon temps de dissabte tamb\u00e9 va permetre que les bandes participants, acompanyades de la banda amfitriona, la de l\u2019AMS, es poguessin lluir en la cercavila que pr\u00e8viament al concurs van realitzar pels carrers de la poblaci\u00f3.<\/p>\n<p>Cal recordar que el jurat estava format per tres directors i professors de banda de renom mundial: Leon J. Bly, de Hampton, Virginia (EUA);  Oliver Waespi, de Z\u00farich, i Voro Garc\u00eda, de Sueca i que les tres bandes concursaven en la Secci\u00f3 2 del Certamen, que est\u00e0 adre\u00e7ada a les bandes no professionals de fins a 100 m\u00fasics, amb un m\u00e0xim de 5 int\u00e8rprets aliens a la banda i un m\u00e0xim de 5 instruments de corda a la plantilla.<\/p>\n<p>L\u2019edici\u00f3 d\u2019enguany del concurs, organitzat per l\u2019AMS i \u00fanic en l\u2019\u00e0mbit de Catalunya, tenia un caire especial en celebrar els seus deu anys de vida. Aix\u00ed, a m\u00e9s de seguir la competici\u00f3, els assistents van poder gaudir dissabte de la m\u00fasica de la Banda de Bilbao, una banda professional de renom convidada per l\u2019organitzaci\u00f3 per a l\u2019ocasi\u00f3, que va interpretar un programa de gran nivell t\u00e8cnic dirigida magistralment pel mestre valenci\u00e0 i director art\u00edstic del certamen Jos\u00e9 Pascual Vilaplana. El director va sorprendre el p\u00fablic assistent amb un regal molt especial interpretant fora de programa una versi\u00f3 del Cant dels Ocells. Dissabte tamb\u00e9 es va estrenar una obra commemorativa de l\u2019efem\u00e8ride, composta pel mestre Pascual Vilaplana amb el t\u00edtol d\u2019 Obertura Senienca. Amb aquesta obra s\u2019hi van presentar al p\u00fablic del Certamen les tres bandes participants,  tot i que no puntuava  per al concurs.<\/p>\n<p>El Certamen que organitza l\u2019AMS compta amb el patrocini de l\u2019Ajuntament de La S\u00e9nia, del departament de Cultura de la Generalitat de Catalunya, de  l\u2019Obra Social La Caixa i de la Diputaci\u00f3 de Tarragona i amb el suport de diferents entitats locals i del territori.<\/p>\n","protected":false},"excerpt":{"rendered":"<div class=\"mh-excerpt\">La Banda de M\u00fasica de la Sociedad Musical de Cehegin de Murcia, amb 283,5 punts, i la banda de la Uni\u00f3 Musical de Riba-roja del T\u00faria, amb 283 punts, van aconseguir un primer premi en <a class=\"mh-excerpt-more\" href=\"https:\/\/www.tucomarca.com\/wordpress\/segunda\/la-unio-musical-de-riba-roja-del-turia-va-aconseguir-un-primer-premi-en-el-x-certamen-internacional-de-bandes-de-musica-vila-de-la-senia\/\" title=\"La Uni\u00f3 Musical de Riba-roja del T\u00faria va aconseguir un primer premi en el X Certamen Internacional de Bandes de M\u00fasica Vila de la S\u00e9nia\">[+] <\/a><\/div>\n","protected":false},"author":2,"featured_media":45705,"comment_status":"open","ping_status":"open","sticky":false,"template":"","format":"standard","meta":{"footnotes":""},"categories":[46,66,8,182,3],"tags":[10025,10302,1504,2164,10301],"class_list":{"0":"post-45704","1":"post","2":"type-post","3":"status-publish","4":"format-standard","5":"has-post-thumbnail","7":"category-camp-de-turia","8":"category-musica","9":"category-la-comarca","10":"category-riba-roja","11":"category-seccion","12":"tag-la-senia","13":"tag-primer-premi","14":"tag-riba-roja-2","15":"tag-turia","16":"tag-unio-musical"},"_links":{"self":[{"href":"https:\/\/www.tucomarca.com\/wordpress\/segunda\/wp-json\/wp\/v2\/posts\/45704","targetHints":{"allow":["GET"]}}],"collection":[{"href":"https:\/\/www.tucomarca.com\/wordpress\/segunda\/wp-json\/wp\/v2\/posts"}],"about":[{"href":"https:\/\/www.tucomarca.com\/wordpress\/segunda\/wp-json\/wp\/v2\/types\/post"}],"author":[{"embeddable":true,"href":"https:\/\/www.tucomarca.com\/wordpress\/segunda\/wp-json\/wp\/v2\/users\/2"}],"replies":[{"embeddable":true,"href":"https:\/\/www.tucomarca.com\/wordpress\/segunda\/wp-json\/wp\/v2\/comments?post=45704"}],"version-history":[{"count":0,"href":"https:\/\/www.tucomarca.com\/wordpress\/segunda\/wp-json\/wp\/v2\/posts\/45704\/revisions"}],"wp:featuredmedia":[{"embeddable":true,"href":"https:\/\/www.tucomarca.com\/wordpress\/segunda\/wp-json\/wp\/v2\/media\/45705"}],"wp:attachment":[{"href":"https:\/\/www.tucomarca.com\/wordpress\/segunda\/wp-json\/wp\/v2\/media?parent=45704"}],"wp:term":[{"taxonomy":"category","embeddable":true,"href":"https:\/\/www.tucomarca.com\/wordpress\/segunda\/wp-json\/wp\/v2\/categories?post=45704"},{"taxonomy":"post_tag","embeddable":true,"href":"https:\/\/www.tucomarca.com\/wordpress\/segunda\/wp-json\/wp\/v2\/tags?post=45704"}],"curies":[{"name":"wp","href":"https:\/\/api.w.org\/{rel}","templated":true}]}}