{"id":45724,"date":"2016-04-12T11:19:58","date_gmt":"2016-04-12T08:19:58","guid":{"rendered":"http:\/\/www.tucomarca.com\/wordpress\/segunda\/?p=45724"},"modified":"2016-04-12T11:20:01","modified_gmt":"2016-04-12T08:20:01","slug":"el-ayuntamiento-de-bunol-continua-apostando-por-el-turismo-y-la-naturaleza-como-ejes-de-gestion-municipal","status":"publish","type":"post","link":"https:\/\/www.tucomarca.com\/wordpress\/segunda\/el-ayuntamiento-de-bunol-continua-apostando-por-el-turismo-y-la-naturaleza-como-ejes-de-gestion-municipal\/","title":{"rendered":"La Diputaci\u00f3n cumple con Cortes e invierte 4 millones para garantizar la seguridad de la carretera"},"content":{"rendered":"<p><a href=\"https:\/\/www.tucomarca.com\/wordpress\/segunda\/2016\/04\/el-ayuntamiento-de-bunol-continua-apostando-por-el-turismo-y-la-naturaleza-como-ejes-de-gestion-municipal\/1-foto-las-provincias-1\/\" rel=\"attachment wp-att-45725\"><img loading=\"lazy\" decoding=\"async\" src=\"https:\/\/www.tucomarca.com\/wordpress\/segunda\/wp-content\/uploads\/2016\/04\/1-FOTO-LAS-PROVINCIAS-1-300x172.jpg\" alt=\"\" title=\"1 FOTO LAS PROVINCIAS-1\" width=\"300\" height=\"172\" class=\"alignleft size-medium wp-image-45725\" srcset=\"https:\/\/www.tucomarca.com\/wordpress\/segunda\/wp-content\/uploads\/2016\/04\/1-FOTO-LAS-PROVINCIAS-1-300x172.jpg 300w, https:\/\/www.tucomarca.com\/wordpress\/segunda\/wp-content\/uploads\/2016\/04\/1-FOTO-LAS-PROVINCIAS-1-1024x590.jpg 1024w\" sizes=\"auto, (max-width: 300px) 100vw, 300px\" \/><\/a>El presidente de la Diputaci\u00f3n de Valencia, Jorge Rodr\u00edguez, y el diputado de Carreteras, Pablo Segu\u00ed, han cumplido el compromiso adquirido con el alcalde y los vecinos de Cortes de Pall\u00e1s tras el desprendimiento de la ladera que sepult\u00f3 la carretera de acceso al municipio. La obra de emergencia iniciada por la Diputaci\u00f3n, con un importe cercano a los dos millones de euros, finalizar\u00e1 en apenas un mes, aunque la CV-428 vuelve a estar en uso desde diciembre de 2015.<\/p>\n<p>En este momento siguen los trabajos de estabilizaci\u00f3n de la ladera, dentro de la primera fase de una actuaci\u00f3n que se prolongar\u00e1 en los pr\u00f3ximos meses con el acondicionamiento y el refuerzo del firme, la mejora de la iluminaci\u00f3n y la eliminaci\u00f3n de filtraciones de agua en el t\u00fanel y la urbanizaci\u00f3n del acceso al pueblo. \u201cYa dijimos que est\u00e1bamos acabando una parte de las obras, pero que no \u00edbamos a irnos de Cortes\u201d, se\u00f1ala el diputado de Carreteras, Pablo Segu\u00ed.<\/p>\n<p>En la actualidad, los t\u00e9cnicos del \u00e1rea de carreteras de la Diputaci\u00f3n est\u00e1n equipando la ladera con prismas geod\u00e9sicos que permitir\u00e1n efectuar un control centim\u00e9trico de deformaciones, que junto con diferentes campa\u00f1as de escaneado l\u00e1ser de la ladera permitir\u00e1n detectar posibles movimientos en la monta\u00f1a y adoptar las pertinentes medidas de respuesta r\u00e1pida.<\/p>\n<p>Un a\u00f1o despu\u00e9s del accidente que caus\u00f3 el cierre de la CV-428 en el acceso a Cortes, no s\u00f3lo se han resuelto las dificultades de los vecinos, que hasta diciembre cruzaban en una barcaza el embalse, sino que se mantiene el control exhaustivo de la ladera en la que se produjeron los desprendimientos para garantizar la seguridad y evitar nuevos contratiempos en la carretera. \u201cLos vecinos y visitantes que llegan a Cortes se encuentran una carretera nueva y una ladera m\u00e1s segura y vigilada\u201d, explica Segu\u00ed, que avanza las nuevas actuaciones por valor de otros dos millones que se est\u00e1n licitando y se ejecutar\u00e1n este mismo a\u00f1o.<\/p>\n<p>El proyecto contempla el reasfaltado de la carretera, con el acondicionamiento del firme y una ampliaci\u00f3n de plataforma, la sustituci\u00f3n de elementos de contenci\u00f3n y se\u00f1alizaci\u00f3n, que est\u00e1n muy deteriorados, y mejoras en el t\u00fanel, como la iluminaci\u00f3n y la instalaci\u00f3n de paneles para captar el agua y evitar las humedades que aumentan el riesgo de desprendimiento. Unas obras por valor de 1.331.000 euros que comenzar\u00e1n en verano y se prev\u00e9 que est\u00e9n acabadas en un plazo de entre 4 y 5 meses, antes de finalizar el a\u00f1o.<\/p>\n<p>A esta partida hay que a\u00f1adir otra de 665.000 euros destinada a la urbanizaci\u00f3n del entorno. El objetivo es mejorar los accesos a pie a Cortes en la zona en que se han producido las obras de la carretera, con una v\u00eda nueva hasta el embarcadero y un recorrido asfaltado hasta la fuente de la Pileta, as\u00ed como una renovada iluminaci\u00f3n. <\/p>\n","protected":false},"excerpt":{"rendered":"<div class=\"mh-excerpt\">El presidente de la Diputaci\u00f3n de Valencia, Jorge Rodr\u00edguez, y el diputado de Carreteras, Pablo Segu\u00ed, han cumplido el compromiso adquirido con el alcalde y los vecinos de Cortes de Pall\u00e1s tras el desprendimiento de <a class=\"mh-excerpt-more\" href=\"https:\/\/www.tucomarca.com\/wordpress\/segunda\/el-ayuntamiento-de-bunol-continua-apostando-por-el-turismo-y-la-naturaleza-como-ejes-de-gestion-municipal\/\" title=\"La Diputaci\u00f3n cumple con Cortes e invierte 4 millones para garantizar la seguridad de la carretera\">[+] <\/a><\/div>\n","protected":false},"author":2,"featured_media":45725,"comment_status":"open","ping_status":"open","sticky":false,"template":"","format":"standard","meta":{"footnotes":""},"categories":[38,40,128,8,3],"tags":[4318,9006,204,5168],"class_list":{"0":"post-45724","1":"post","2":"type-post","3":"status-publish","4":"format-standard","5":"has-post-thumbnail","7":"category-ayora-cofrentes","8":"category-cortes-de-pallas","9":"category-infraestructuras","10":"category-la-comarca","11":"category-seccion","12":"tag-compromiso","13":"tag-cumple","14":"tag-diputacion","15":"tag-invierte"},"_links":{"self":[{"href":"https:\/\/www.tucomarca.com\/wordpress\/segunda\/wp-json\/wp\/v2\/posts\/45724","targetHints":{"allow":["GET"]}}],"collection":[{"href":"https:\/\/www.tucomarca.com\/wordpress\/segunda\/wp-json\/wp\/v2\/posts"}],"about":[{"href":"https:\/\/www.tucomarca.com\/wordpress\/segunda\/wp-json\/wp\/v2\/types\/post"}],"author":[{"embeddable":true,"href":"https:\/\/www.tucomarca.com\/wordpress\/segunda\/wp-json\/wp\/v2\/users\/2"}],"replies":[{"embeddable":true,"href":"https:\/\/www.tucomarca.com\/wordpress\/segunda\/wp-json\/wp\/v2\/comments?post=45724"}],"version-history":[{"count":0,"href":"https:\/\/www.tucomarca.com\/wordpress\/segunda\/wp-json\/wp\/v2\/posts\/45724\/revisions"}],"wp:featuredmedia":[{"embeddable":true,"href":"https:\/\/www.tucomarca.com\/wordpress\/segunda\/wp-json\/wp\/v2\/media\/45725"}],"wp:attachment":[{"href":"https:\/\/www.tucomarca.com\/wordpress\/segunda\/wp-json\/wp\/v2\/media?parent=45724"}],"wp:term":[{"taxonomy":"category","embeddable":true,"href":"https:\/\/www.tucomarca.com\/wordpress\/segunda\/wp-json\/wp\/v2\/categories?post=45724"},{"taxonomy":"post_tag","embeddable":true,"href":"https:\/\/www.tucomarca.com\/wordpress\/segunda\/wp-json\/wp\/v2\/tags?post=45724"}],"curies":[{"name":"wp","href":"https:\/\/api.w.org\/{rel}","templated":true}]}}