{"id":45733,"date":"2016-04-12T11:26:00","date_gmt":"2016-04-12T08:26:00","guid":{"rendered":"http:\/\/www.tucomarca.com\/wordpress\/segunda\/?p=45733"},"modified":"2016-04-12T11:26:00","modified_gmt":"2016-04-12T08:26:00","slug":"el-pp-de-requena-afirma-que-los-socialistas-han-cambiado-de-opinion-y-callan-ante-la-privatizacion-de-monte-publico","status":"publish","type":"post","link":"https:\/\/www.tucomarca.com\/wordpress\/segunda\/el-pp-de-requena-afirma-que-los-socialistas-han-cambiado-de-opinion-y-callan-ante-la-privatizacion-de-monte-publico\/","title":{"rendered":"El PP de Requena afirma que los socialistas han cambiado de opini\u00f3n y callan \u00abante la privatizaci\u00f3n de monte p\u00fablico\u00bb"},"content":{"rendered":"<p>En el Partido Popular de Requena nos preguntamos por qu\u00e9 los socialistas requenenses callan tras la privatizaci\u00f3n de monte p\u00fablico que est\u00e1 llevando a cabo la actual Conselleria de Agricultura y Medio Ambiente. Nos sorprende el silencio de Mario S\u00e1nchez acerca de este Plan de privatizaci\u00f3n que supone la puesta en manos privadas la gesti\u00f3n de 20.000 Hect\u00e1reas de monte p\u00fablico valenciano. Pero m\u00e1s, si cabe, nos sorprende su silencio cuando la primera subasta se llev\u00f3 a cabo el pasado mes de marzo y en la misma se incluyeron tres parajes p\u00fablicos de nuestro municipio que suman 4.590 Hect\u00e1reas: La Herrada del Gallego, Monte Grando y la Hortolilla.<br \/>\n\tNo obstante m\u00e1s incre\u00edble parece este silencio si hacemos memoria y nos trasladamos al mes de enero de 2013. En aquel momento los socialistas requenenses pusieron el grito en el cielo cuando desde la Conselleria de Infraestructuras, Territorio y Medio Ambiente gobernada por el Partido Popular public\u00f3 la subasta para la concesi\u00f3n del aprovechamiento de 6.327 Hect\u00e1reas de monte p\u00fablico en el municipio de Requena. Entonces no callaron, si no que, desde las filas socialistas, se critic\u00f3 duramente esta medida en diferentes medios de comunicaci\u00f3n, se hicieron fotos con pancartas reivindicativas e incluso presentaron una moci\u00f3n al Pleno del ayuntamiento de Requena  en marzo instando a la Conselleria a paralizar esta subasta y a la realizaci\u00f3n de un convenio para la gesti\u00f3n municipal de estos montes p\u00fablicos.<br \/>\n\tPues bien, atendiendo a c\u00f3mo se han desarrollado los acontecimientos, en el Partido Popular de Requena nos preguntamos:<\/p>\n<p>&#8211; \u00bf Por qu\u00e9 callan tras la privatizaci\u00f3n de estas 4.590 Hect\u00e1reas de monte p\u00fablico requenense?<br \/>\n&#8211; \u00bfPor qu\u00e9 no reclamaron la realizaci\u00f3n de un convenio para la gesti\u00f3n municipal de estos parajes antes de que se procediera a su subasta?<br \/>\n&#8211; \u00bf Por qu\u00e9 tanto el alcalde requenense, Mario S\u00e1nchez, como su concejal de Medio Ambiente, \u00c1lvaro P\u00e9rez, han cambiado de opini\u00f3n?<\/p>\n","protected":false},"excerpt":{"rendered":"<div class=\"mh-excerpt\">En el Partido Popular de Requena nos preguntamos por qu\u00e9 los socialistas requenenses callan tras la privatizaci\u00f3n de monte p\u00fablico que est\u00e1 llevando a cabo la actual Conselleria de Agricultura y Medio Ambiente. Nos sorprende <a class=\"mh-excerpt-more\" href=\"https:\/\/www.tucomarca.com\/wordpress\/segunda\/el-pp-de-requena-afirma-que-los-socialistas-han-cambiado-de-opinion-y-callan-ante-la-privatizacion-de-monte-publico\/\" title=\"El PP de Requena afirma que los socialistas han cambiado de opini\u00f3n y callan \u00abante la privatizaci\u00f3n de monte p\u00fablico\u00bb\">[+] <\/a><\/div>\n","protected":false},"author":2,"featured_media":0,"comment_status":"open","ping_status":"open","sticky":false,"template":"","format":"standard","meta":{"footnotes":""},"categories":[8,142,27,3],"tags":[10307,10308,63,1740,62,10388],"class_list":{"0":"post-45733","1":"post","2":"type-post","3":"status-publish","4":"format-standard","6":"category-la-comarca","7":"category-politica-la-comarca","8":"category-requena-utiel","9":"category-seccion","10":"tag-call","11":"tag-montes-publicos","12":"tag-pp","13":"tag-privatizacion","14":"tag-psoe","15":"tag-requena"},"_links":{"self":[{"href":"https:\/\/www.tucomarca.com\/wordpress\/segunda\/wp-json\/wp\/v2\/posts\/45733","targetHints":{"allow":["GET"]}}],"collection":[{"href":"https:\/\/www.tucomarca.com\/wordpress\/segunda\/wp-json\/wp\/v2\/posts"}],"about":[{"href":"https:\/\/www.tucomarca.com\/wordpress\/segunda\/wp-json\/wp\/v2\/types\/post"}],"author":[{"embeddable":true,"href":"https:\/\/www.tucomarca.com\/wordpress\/segunda\/wp-json\/wp\/v2\/users\/2"}],"replies":[{"embeddable":true,"href":"https:\/\/www.tucomarca.com\/wordpress\/segunda\/wp-json\/wp\/v2\/comments?post=45733"}],"version-history":[{"count":0,"href":"https:\/\/www.tucomarca.com\/wordpress\/segunda\/wp-json\/wp\/v2\/posts\/45733\/revisions"}],"wp:attachment":[{"href":"https:\/\/www.tucomarca.com\/wordpress\/segunda\/wp-json\/wp\/v2\/media?parent=45733"}],"wp:term":[{"taxonomy":"category","embeddable":true,"href":"https:\/\/www.tucomarca.com\/wordpress\/segunda\/wp-json\/wp\/v2\/categories?post=45733"},{"taxonomy":"post_tag","embeddable":true,"href":"https:\/\/www.tucomarca.com\/wordpress\/segunda\/wp-json\/wp\/v2\/tags?post=45733"}],"curies":[{"name":"wp","href":"https:\/\/api.w.org\/{rel}","templated":true}]}}