{"id":4577,"date":"2012-06-30T12:59:27","date_gmt":"2012-06-30T10:59:27","guid":{"rendered":"http:\/\/www.tucomarca.com\/wordpress\/segunda\/?p=4577"},"modified":"2012-06-30T13:33:08","modified_gmt":"2012-06-30T11:33:08","slug":"%c2%abla-prioridad-es-salvar-el-motroton-y-lo-que-queda-de-la-sierra-martes%c2%bb","status":"publish","type":"post","link":"https:\/\/www.tucomarca.com\/wordpress\/segunda\/%c2%abla-prioridad-es-salvar-el-motroton-y-lo-que-queda-de-la-sierra-martes%c2%bb\/","title":{"rendered":"\u00abLa prioridad es salvar el Motrot\u00f3n y lo que queda de la Sierra Mart\u00e9s\u00bb"},"content":{"rendered":"<figure id=\"attachment_4591\" aria-describedby=\"caption-attachment-4591\" style=\"width: 640px\" class=\"wp-caption aligncenter\"><a href=\"https:\/\/www.tucomarca.com\/wordpress\/segunda\/wp-content\/uploads\/2012\/06\/Motrotonllamas1.jpg\"><img loading=\"lazy\" decoding=\"async\" class=\"size-full wp-image-4591\" title=\"Motrotonllamas\" src=\"https:\/\/www.tucomarca.com\/wordpress\/segunda\/wp-content\/uploads\/2012\/06\/Motrotonllamas1.jpg\" alt=\"El fuego amenaza al emblem\u00e1tico Motrot\u00f3n de Y\u00e1tova.\" width=\"640\" height=\"480\" srcset=\"https:\/\/www.tucomarca.com\/wordpress\/segunda\/wp-content\/uploads\/2012\/06\/Motrotonllamas1.jpg 640w, https:\/\/www.tucomarca.com\/wordpress\/segunda\/wp-content\/uploads\/2012\/06\/Motrotonllamas1-300x225.jpg 300w\" sizes=\"auto, (max-width: 640px) 100vw, 640px\" \/><\/a><figcaption id=\"caption-attachment-4591\" class=\"wp-caption-text\">El fuego amenaza al emblem\u00e1tico Motrot\u00f3n de Y\u00e1tova.<\/figcaption><\/figure>\n<p>Fuentes pr\u00f3ximas al Puesto de Mando Avanzado, ubicado en el Centro de Emergencia de Y\u00e1tova, han informado a <strong>tucomarca.com<\/strong> de que la prioiordad a estas horas es \u00absalvar zonas de alto valor medioambiental y simb\u00f3lico como el Motrot\u00f3n o lo que todav\u00eda no se ha quemado de la Sierra Mart\u00e9s\u00bb.<\/p>\n<p>Las mismas fuentes han asegurado que lo que tambi\u00e9n se intenta es \u00abevitar que el fuego se acerque a los cascos urbanos de Macastre, de Y\u00e1tova y de Alborache, localidades donde todav\u00eda se sigue combatiendo arduamente las llamas.<\/p>\n<p>Precisamente en la \u00faltima poblaci\u00f3n citada, Alborache, la Unidad Militar de Emergencias, UME, de Murcia ha logrado controlar el foco que se aproximaba al casco urbano, por lo que el riesgo de evacuaci\u00f3n ya pr\u00e1cticamente ha desaparecido.<\/p>\n<p>Las mismas fuentes consulstadas por <strong>tucomarca.com<\/strong> no han ocultado que las tareas de extinci\u00f3n se est\u00e1n complicando tambi\u00e9n \u00abpor la necesidad de destinar recursos al otro incendio que ahora mismo quema los montes de Andilla, en Los Serranos, por lo que se espera para las pr\u00f3ximas horas otro contingente de militares que refuerce m\u00e1s todav\u00eda a los que ahora se encuentran en la zona\u00bb.<\/p>\n","protected":false},"excerpt":{"rendered":"<div class=\"mh-excerpt\">Fuentes pr\u00f3ximas al Puesto de Mando Avanzado, ubicado en el Centro de Emergencia de Y\u00e1tova, han informado a tucomarca.com de que la prioiordad a estas horas es \u00absalvar zonas de alto valor medioambiental y simb\u00f3lico <a class=\"mh-excerpt-more\" href=\"https:\/\/www.tucomarca.com\/wordpress\/segunda\/%c2%abla-prioridad-es-salvar-el-motroton-y-lo-que-queda-de-la-sierra-martes%c2%bb\/\" title=\"\u00abLa prioridad es salvar el Motrot\u00f3n y lo que queda de la Sierra Mart\u00e9s\u00bb\">[+] <\/a><\/div>\n","protected":false},"author":1,"featured_media":4591,"comment_status":"open","ping_status":"open","sticky":false,"template":"","format":"standard","meta":{"footnotes":""},"categories":[19,15,8,10,13,160,3,116,43,45,11],"tags":[],"class_list":{"0":"post-4577","1":"post","2":"type-post","3":"status-publish","4":"format-standard","5":"has-post-thumbnail","7":"category-alborache","8":"category-dos-aguas","9":"category-la-comarca","10":"category-la-hoya","11":"category-macastre","12":"category-montroi","13":"category-seccion","14":"category-sucesos-la-comarca","15":"category-turis","16":"category-ventana","17":"category-yatova"},"_links":{"self":[{"href":"https:\/\/www.tucomarca.com\/wordpress\/segunda\/wp-json\/wp\/v2\/posts\/4577","targetHints":{"allow":["GET"]}}],"collection":[{"href":"https:\/\/www.tucomarca.com\/wordpress\/segunda\/wp-json\/wp\/v2\/posts"}],"about":[{"href":"https:\/\/www.tucomarca.com\/wordpress\/segunda\/wp-json\/wp\/v2\/types\/post"}],"author":[{"embeddable":true,"href":"https:\/\/www.tucomarca.com\/wordpress\/segunda\/wp-json\/wp\/v2\/users\/1"}],"replies":[{"embeddable":true,"href":"https:\/\/www.tucomarca.com\/wordpress\/segunda\/wp-json\/wp\/v2\/comments?post=4577"}],"version-history":[{"count":0,"href":"https:\/\/www.tucomarca.com\/wordpress\/segunda\/wp-json\/wp\/v2\/posts\/4577\/revisions"}],"wp:featuredmedia":[{"embeddable":true,"href":"https:\/\/www.tucomarca.com\/wordpress\/segunda\/wp-json\/wp\/v2\/media\/4591"}],"wp:attachment":[{"href":"https:\/\/www.tucomarca.com\/wordpress\/segunda\/wp-json\/wp\/v2\/media?parent=4577"}],"wp:term":[{"taxonomy":"category","embeddable":true,"href":"https:\/\/www.tucomarca.com\/wordpress\/segunda\/wp-json\/wp\/v2\/categories?post=4577"},{"taxonomy":"post_tag","embeddable":true,"href":"https:\/\/www.tucomarca.com\/wordpress\/segunda\/wp-json\/wp\/v2\/tags?post=4577"}],"curies":[{"name":"wp","href":"https:\/\/api.w.org\/{rel}","templated":true}]}}