{"id":45944,"date":"2016-04-19T10:58:00","date_gmt":"2016-04-19T07:58:00","guid":{"rendered":"http:\/\/www.tucomarca.com\/wordpress\/segunda\/?p=45944"},"modified":"2016-04-19T10:58:00","modified_gmt":"2016-04-19T07:58:00","slug":"ava-asaja-reclama-a-hacienda-que-aplique-rebajas-fiscales-a-los-agricultores-afectados-por-la-sequia-y-el-calor","status":"publish","type":"post","link":"https:\/\/www.tucomarca.com\/wordpress\/segunda\/ava-asaja-reclama-a-hacienda-que-aplique-rebajas-fiscales-a-los-agricultores-afectados-por-la-sequia-y-el-calor\/","title":{"rendered":"AVA-ASAJA reclama a Hacienda que aplique rebajas fiscales a los agricultores afectados por la sequ\u00eda y el calor"},"content":{"rendered":"<p>La Asociaci\u00f3n Valenciana de Agricultores (AVA-ASAJA) reclama al Ministerio de Hacienda que haga efectiva a trav\u00e9s de la publicaci\u00f3n de la correspondiente orden en el Bolet\u00edn Oficial del Estado (BOE) la petici\u00f3n de aplicar una sustancial rebaja en la tributaci\u00f3n por m\u00f3dulos a todos los agricultores que se han visto afectados tanto por la pertinaz sequ\u00eda que asola la Comunitat Valenciana como por la negativa incidencia que sobre la evoluci\u00f3n de los cultivos han tenido las temperaturas anormalmente altas que han caracterizado el desarrollo de este invierno.<br \/>\n\u201cAcumulamos ya cuatro a\u00f1os consecutivos de sequ\u00eda y hemos atravesado el invierno m\u00e1s caluroso desde que se tienen registros \u2013argumenta el presidente de AVA-ASAJA, Crist\u00f3bal Aguado- y el caso es que, entre unas circunstancias y otras, los agricultores valencianos se encuentran en una situaci\u00f3n muy complicada que el Gobierno est\u00e1 obligado a aliviar en parte mediante un tratamiento fiscal adecuado a esa coyuntura adversa que atraviesan\u201d.<br \/>\nEl m\u00e1ximo responsable de esta organizaci\u00f3n agraria recuerda que \u201cla campa\u00f1a de la renta correspondiente a este a\u00f1o ya se ha iniciado, pero a fecha de hoy seguimos esperando noticias del Ministerio de Hacienda en materia de tributaci\u00f3n agraria. Son miles los agricultores valencianos que est\u00e1n pendientes del BOE para conocer si finalmente el Gobierno tal como ha hecho en a\u00f1os anteriores, decide efectuar esa mejora en la fiscalidad agraria que le venimos reclamando de manera insistente, porque aunque el Gobierno est\u00e9 en funciones debe seguir funcionando\u201d.<br \/>\nAVA-ASAJA puso en marcha a finales del pasado mes de enero una campa\u00f1a dirigida a los ayuntamientos para que aprobasen mociones en sus respectivos plenos instando al Gobierno a aplicar el m\u00f3dulo cero en la declaraci\u00f3n del IRPF correspondiente a 2015 a todos los agricultores y ganaderos que, entre otros factores negativos derivados de la evoluci\u00f3n del clima, han sufrido los elevados sobrecostes en materia de riesgos adicionales causados por la sequ\u00eda, sobrecostes que a estas alturas del a\u00f1o superan ya los 7 millones de euros.<br \/>\nAsimismo, en la petici\u00f3n dirigida por AVA-ASAJA a los consistorios valencianos se reclamaba la exenci\u00f3n del Impuesto de Bienes Inmuebles (IBI) R\u00fastico para todos aquellos t\u00e9rminos municipales que hayan sido v\u00edctimas de las circunstancias ya apuntadas, la puesta en marcha de un plan de cr\u00e9ditos bonificados auspiciado por el Ministerio de Agricultura, y ya en el \u00e1mbito auton\u00f3mico, la instauraci\u00f3n de ayudas espec\u00edficas por hect\u00e1rea y un plan para la modernizaci\u00f3n del regad\u00edo.<br \/>\nEl presidente de AVA-ASAJA apunta al respecto que \u201cla campa\u00f1a que hemos realizado entre los ayuntamientos valencianos ha sido todo un \u00e9xito puesto que la inmensa mayor\u00eda de los mismos han aprobado esas mociones favorables a nuestras propuestas. Los agricultores agradecemos enormemente el respaldo recibido y el compromiso que han demostrado pr\u00e1cticamente todos los ayuntamientos con el sector agrario. Ahora s\u00f3lo falta que el Gobierno act\u00fae tambi\u00e9n en consecuencia\u201d.<\/p>\n","protected":false},"excerpt":{"rendered":"<div class=\"mh-excerpt\">La Asociaci\u00f3n Valenciana de Agricultores (AVA-ASAJA) reclama al Ministerio de Hacienda que haga efectiva a trav\u00e9s de la publicaci\u00f3n de la correspondiente orden en el Bolet\u00edn Oficial del Estado (BOE) la petici\u00f3n de aplicar una <a class=\"mh-excerpt-more\" href=\"https:\/\/www.tucomarca.com\/wordpress\/segunda\/ava-asaja-reclama-a-hacienda-que-aplique-rebajas-fiscales-a-los-agricultores-afectados-por-la-sequia-y-el-calor\/\" title=\"AVA-ASAJA reclama a Hacienda que aplique rebajas fiscales a los agricultores afectados por la sequ\u00eda y el calor\">[+] <\/a><\/div>\n","protected":false},"author":2,"featured_media":0,"comment_status":"open","ping_status":"open","sticky":false,"template":"","format":"standard","meta":{"footnotes":""},"categories":[169,8,72,42,3],"tags":[5979,955,10341,10342,4753,6691,2238],"class_list":{"0":"post-45944","1":"post","2":"type-post","3":"status-publish","4":"format-standard","6":"category-agricultura-la-comarca","7":"category-la-comarca","8":"category-sin-categorizar","9":"category-la-ribera","10":"category-seccion","11":"tag-afectados","12":"tag-agricultores","13":"tag-av-asaja","14":"tag-hacienda","15":"tag-pide","16":"tag-rebajas","17":"tag-sequia"},"_links":{"self":[{"href":"https:\/\/www.tucomarca.com\/wordpress\/segunda\/wp-json\/wp\/v2\/posts\/45944","targetHints":{"allow":["GET"]}}],"collection":[{"href":"https:\/\/www.tucomarca.com\/wordpress\/segunda\/wp-json\/wp\/v2\/posts"}],"about":[{"href":"https:\/\/www.tucomarca.com\/wordpress\/segunda\/wp-json\/wp\/v2\/types\/post"}],"author":[{"embeddable":true,"href":"https:\/\/www.tucomarca.com\/wordpress\/segunda\/wp-json\/wp\/v2\/users\/2"}],"replies":[{"embeddable":true,"href":"https:\/\/www.tucomarca.com\/wordpress\/segunda\/wp-json\/wp\/v2\/comments?post=45944"}],"version-history":[{"count":0,"href":"https:\/\/www.tucomarca.com\/wordpress\/segunda\/wp-json\/wp\/v2\/posts\/45944\/revisions"}],"wp:attachment":[{"href":"https:\/\/www.tucomarca.com\/wordpress\/segunda\/wp-json\/wp\/v2\/media?parent=45944"}],"wp:term":[{"taxonomy":"category","embeddable":true,"href":"https:\/\/www.tucomarca.com\/wordpress\/segunda\/wp-json\/wp\/v2\/categories?post=45944"},{"taxonomy":"post_tag","embeddable":true,"href":"https:\/\/www.tucomarca.com\/wordpress\/segunda\/wp-json\/wp\/v2\/tags?post=45944"}],"curies":[{"name":"wp","href":"https:\/\/api.w.org\/{rel}","templated":true}]}}