{"id":4595,"date":"2012-06-30T13:41:25","date_gmt":"2012-06-30T11:41:25","guid":{"rendered":"http:\/\/www.tucomarca.com\/wordpress\/segunda\/?p=4595"},"modified":"2012-06-30T13:43:58","modified_gmt":"2012-06-30T11:43:58","slug":"se-desmonta-el-albergue-de-macastre-y-los-desalojados-de-dos-aguas-comienzan-a-regresar-a-sus-casas","status":"publish","type":"post","link":"https:\/\/www.tucomarca.com\/wordpress\/segunda\/se-desmonta-el-albergue-de-macastre-y-los-desalojados-de-dos-aguas-comienzan-a-regresar-a-sus-casas\/","title":{"rendered":"Se desmonta el albergue de Macastre y los desalojados de Dos Aguas comienzan a regresar a sus casas"},"content":{"rendered":"<p>La Conselleria de Gobernaci\u00f3n ha informado de que a los vecinos desalojados de Dos Aguas as\u00ed como los reubicados en el albergue montado en Macastre, que ya ha sido ya desmontado, se les est\u00e1 permitiendo el regreso a sus domicilios.<\/p>\n<p>Las carreteras que unen las localidades de Macastre y Dos Aguas ya han sido abiertas, as\u00ed como las que unen las localidades de Montroy sus urbanizaciones.<\/p>\n<p>En la extinci\u00f3n del incendio trabajan ahora cerca de 1.100 efectivos terrestres y una treintena de aereos.<\/p>\n","protected":false},"excerpt":{"rendered":"<div class=\"mh-excerpt\">La Conselleria de Gobernaci\u00f3n ha informado de que a los vecinos desalojados de Dos Aguas as\u00ed como los reubicados en el albergue montado en Macastre, que ya ha sido ya desmontado, se les est\u00e1 permitiendo <a class=\"mh-excerpt-more\" href=\"https:\/\/www.tucomarca.com\/wordpress\/segunda\/se-desmonta-el-albergue-de-macastre-y-los-desalojados-de-dos-aguas-comienzan-a-regresar-a-sus-casas\/\" title=\"Se desmonta el albergue de Macastre y los desalojados de Dos Aguas comienzan a regresar a sus casas\">[+] <\/a><\/div>\n","protected":false},"author":1,"featured_media":0,"comment_status":"open","ping_status":"open","sticky":false,"template":"","format":"standard","meta":{"footnotes":""},"categories":[38,18,40,15,8,10,13,160,3,116,43,11],"tags":[],"class_list":{"0":"post-4595","1":"post","2":"type-post","3":"status-publish","4":"format-standard","6":"category-ayora-cofrentes","7":"category-bunol","8":"category-cortes-de-pallas","9":"category-dos-aguas","10":"category-la-comarca","11":"category-la-hoya","12":"category-macastre","13":"category-montroi","14":"category-seccion","15":"category-sucesos-la-comarca","16":"category-turis","17":"category-yatova"},"_links":{"self":[{"href":"https:\/\/www.tucomarca.com\/wordpress\/segunda\/wp-json\/wp\/v2\/posts\/4595","targetHints":{"allow":["GET"]}}],"collection":[{"href":"https:\/\/www.tucomarca.com\/wordpress\/segunda\/wp-json\/wp\/v2\/posts"}],"about":[{"href":"https:\/\/www.tucomarca.com\/wordpress\/segunda\/wp-json\/wp\/v2\/types\/post"}],"author":[{"embeddable":true,"href":"https:\/\/www.tucomarca.com\/wordpress\/segunda\/wp-json\/wp\/v2\/users\/1"}],"replies":[{"embeddable":true,"href":"https:\/\/www.tucomarca.com\/wordpress\/segunda\/wp-json\/wp\/v2\/comments?post=4595"}],"version-history":[{"count":0,"href":"https:\/\/www.tucomarca.com\/wordpress\/segunda\/wp-json\/wp\/v2\/posts\/4595\/revisions"}],"wp:attachment":[{"href":"https:\/\/www.tucomarca.com\/wordpress\/segunda\/wp-json\/wp\/v2\/media?parent=4595"}],"wp:term":[{"taxonomy":"category","embeddable":true,"href":"https:\/\/www.tucomarca.com\/wordpress\/segunda\/wp-json\/wp\/v2\/categories?post=4595"},{"taxonomy":"post_tag","embeddable":true,"href":"https:\/\/www.tucomarca.com\/wordpress\/segunda\/wp-json\/wp\/v2\/tags?post=4595"}],"curies":[{"name":"wp","href":"https:\/\/api.w.org\/{rel}","templated":true}]}}