{"id":45984,"date":"2016-04-20T12:33:25","date_gmt":"2016-04-20T09:33:25","guid":{"rendered":"http:\/\/www.tucomarca.com\/wordpress\/segunda\/?p=45984"},"modified":"2016-04-20T12:33:25","modified_gmt":"2016-04-20T09:33:25","slug":"el-pp-de-vilamarxant-denuncia-la-politizacion-de-les-trobades-descoles","status":"publish","type":"post","link":"https:\/\/www.tucomarca.com\/wordpress\/segunda\/el-pp-de-vilamarxant-denuncia-la-politizacion-de-les-trobades-descoles\/","title":{"rendered":"El PP de Vilamarxant denuncia la politizaci\u00f3n de Les Trobades D&#8217;escoles"},"content":{"rendered":"<p>El  Partido Popular de Vilamarxant denuncia la politizaci\u00f3n de un acto cultural y educativo como son LES TROBADES D\u2019ESCOLES que se celebraron en Vilamarxant el pasado fin de semana.<\/p>\n<p>Para los Populares de Vilamarxant el uso y difusi\u00f3n de s\u00edmbolos independentistas y banderas no oficiales en la Comunidad Valenciana estaban absolutamente fuera de contexto en un acto educativo. El eslogan  utilizado en les Trobades \u201cUN PA\u00cdS D\u2019ESCOLES\u201d tiene un componente, desde nuestro punto de vista totalmente pol\u00edtico y partidista, que viene a reivindicar la ideolog\u00eda independentista de algunos partidos pol\u00edticos de izquierdas.<\/p>\n<p>Rechazamos el adoctrinamiento pol\u00edtico encubierto, en un acto dirigido a los ni\u00f1os. Los responsables pol\u00edticos debemos evitar por todos los medios que la pol\u00edtica, venga de donde venga, forme parte de estas celebraciones. La pol\u00edtica ya tiene sus propios espacios y escenarios para reivindicar lo que cada uno considere oportuno, pero nunca debemos utilizar el entorno  de los m\u00e1s peque\u00f1os, ya que son mucho m\u00e1s maleables.<\/p>\n<p>Es intolerable  la pasividad  y permisividad de la coalici\u00f3n que gobierna Vilamarxant compuesta por Psoe, Comprom\u00eds y dos concejales no adscritos  expulsados de Ciudadanos  al permitir que se politizara un acto educativo de estas caracter\u00edsticas.<\/p>\n<p>Por todo ello instamos a los responsables del Ayuntamiento a que tome las medidas necesarias para que en actos futuros dirigidos a los ni\u00f1os no tengan ning\u00fan tinte pol\u00edtico,  garantizando que los m\u00e1s peque\u00f1os est\u00e9n al margen de cualquier ideolog\u00eda pol\u00edtica y normalizar as\u00ed una celebraci\u00f3n donde la difusi\u00f3n de la cultura y la mejora en la educaci\u00f3n sean los principales y \u00fanicos objetivos.<\/p>\n","protected":false},"excerpt":{"rendered":"<div class=\"mh-excerpt\">El Partido Popular de Vilamarxant denuncia la politizaci\u00f3n de un acto cultural y educativo como son LES TROBADES D\u2019ESCOLES que se celebraron en Vilamarxant el pasado fin de semana. Para los Populares de Vilamarxant el <a class=\"mh-excerpt-more\" href=\"https:\/\/www.tucomarca.com\/wordpress\/segunda\/el-pp-de-vilamarxant-denuncia-la-politizacion-de-les-trobades-descoles\/\" title=\"El PP de Vilamarxant denuncia la politizaci\u00f3n de Les Trobades D&#8217;escoles\">[+] <\/a><\/div>\n","protected":false},"author":2,"featured_media":0,"comment_status":"open","ping_status":"open","sticky":false,"template":"","format":"standard","meta":{"footnotes":""},"categories":[46,8,142,3,184],"tags":[1249,1526,10355,10354,63,10439],"class_list":{"0":"post-45984","1":"post","2":"type-post","3":"status-publish","4":"format-standard","6":"category-camp-de-turia","7":"category-la-comarca","8":"category-politica-la-comarca","9":"category-seccion","10":"category-vilamarxant","11":"tag-denuncia","12":"tag-escoles","13":"tag-les-trobades","14":"tag-politizacion","15":"tag-pp","16":"tag-vilamarxant"},"_links":{"self":[{"href":"https:\/\/www.tucomarca.com\/wordpress\/segunda\/wp-json\/wp\/v2\/posts\/45984","targetHints":{"allow":["GET"]}}],"collection":[{"href":"https:\/\/www.tucomarca.com\/wordpress\/segunda\/wp-json\/wp\/v2\/posts"}],"about":[{"href":"https:\/\/www.tucomarca.com\/wordpress\/segunda\/wp-json\/wp\/v2\/types\/post"}],"author":[{"embeddable":true,"href":"https:\/\/www.tucomarca.com\/wordpress\/segunda\/wp-json\/wp\/v2\/users\/2"}],"replies":[{"embeddable":true,"href":"https:\/\/www.tucomarca.com\/wordpress\/segunda\/wp-json\/wp\/v2\/comments?post=45984"}],"version-history":[{"count":0,"href":"https:\/\/www.tucomarca.com\/wordpress\/segunda\/wp-json\/wp\/v2\/posts\/45984\/revisions"}],"wp:attachment":[{"href":"https:\/\/www.tucomarca.com\/wordpress\/segunda\/wp-json\/wp\/v2\/media?parent=45984"}],"wp:term":[{"taxonomy":"category","embeddable":true,"href":"https:\/\/www.tucomarca.com\/wordpress\/segunda\/wp-json\/wp\/v2\/categories?post=45984"},{"taxonomy":"post_tag","embeddable":true,"href":"https:\/\/www.tucomarca.com\/wordpress\/segunda\/wp-json\/wp\/v2\/tags?post=45984"}],"curies":[{"name":"wp","href":"https:\/\/api.w.org\/{rel}","templated":true}]}}