{"id":45994,"date":"2016-04-20T14:09:35","date_gmt":"2016-04-20T11:09:35","guid":{"rendered":"http:\/\/www.tucomarca.com\/wordpress\/segunda\/?p=45994"},"modified":"2016-04-20T14:09:39","modified_gmt":"2016-04-20T11:09:39","slug":"inaugurada-la-iv-semana-cultural-roquette-de-benifaio","status":"publish","type":"post","link":"https:\/\/www.tucomarca.com\/wordpress\/segunda\/inaugurada-la-iv-semana-cultural-roquette-de-benifaio\/","title":{"rendered":"Inaugurada la IV Semana Cultural Roquette de Benifai\u00f3"},"content":{"rendered":"<p><a href=\"https:\/\/www.tucomarca.com\/wordpress\/segunda\/2016\/04\/inaugurada-la-iv-semana-cultural-roquette-de-benifaio\/benifaio-31\/\" rel=\"attachment wp-att-45995\"><img loading=\"lazy\" decoding=\"async\" src=\"https:\/\/www.tucomarca.com\/wordpress\/segunda\/wp-content\/uploads\/2016\/04\/Benifaio-300x225.jpg\" alt=\"\" title=\"Benifaio\" width=\"300\" height=\"225\" class=\"alignleft size-medium wp-image-45995\" srcset=\"https:\/\/www.tucomarca.com\/wordpress\/segunda\/wp-content\/uploads\/2016\/04\/Benifaio-300x225.jpg 300w, https:\/\/www.tucomarca.com\/wordpress\/segunda\/wp-content\/uploads\/2016\/04\/Benifaio-1024x768.jpg 1024w\" sizes=\"auto, (max-width: 300px) 100vw, 300px\" \/><\/a>El Centro Cultural Enric Valor de Benifai\u00f3 acogi\u00f3 en la tarde de ayer martes la inauguraci\u00f3n oficial de la VI Semana Cultural Roquette. Un evento que tuvo una amplia asistencia de p\u00fablico, adem\u00e1s de pol\u00edticos y representantes de la empresa Roquette, entidades locales, escolares y vecinos que no quisieron perderse la puesta en marcha de la programaci\u00f3n cultural que estar\u00e1 de actualidad en Benifai\u00f3 hasta el pr\u00f3ximo 26 de abril de forma ininterrumpida.<\/p>\n<p>La Semana Cultural Roquette dar\u00e1 un protagonismo especial a la m\u00fasica de percusi\u00f3n organiz\u00e1ndose para ello diversas actividades y conciertos en torno a esta disciplina a lo largo de las diferentes jornadas.  La pintura, la artesan\u00eda, el teatro en ingl\u00e9s y el deporte tambi\u00e9n formar\u00e1n parte de la agenda de la semana patrocinada por Roquette Espa\u00f1a. <\/p>\n<p>En su discurso de inauguraci\u00f3n el director de la empresa Roquette en Benifai\u00f3 Jos\u00e9 \u00c1lvarez destac\u00f3 la l\u00ednea de trabajo conjunta llevada a cabo por el Ayuntamiento y la empresa para confeccionar un programa de calidad con la cultura como baluarte. En su intervenci\u00f3n la alcaldesa Marta Ortiz destac\u00f3 \u201cel apoyo e impulso de Roquette a varias disciplinas como el deporte y ahora de forma intensa con la cultura y la m\u00fasica\u201d.<\/p>\n<p>Como novedad importante en esta edici\u00f3n el  almuerzo saludable que tendr\u00e1 lugar el pr\u00f3ximo s\u00e1bado 23 de abril a las 11:00h en la Plaza Mayor adem\u00e1s de una nueva cita del Festival de bandas juveniles el pr\u00f3ximo domingo 24 a partir de las 11:30h en la Plaza Mayor. <\/p>\n<p>10 a\u00f1os Roquette impulsando proyectos de SOM I ESTEM<\/p>\n<p>En esta edici\u00f3n de la Semana Cultural se lleva a cabo adem\u00e1s un recorrido visual por los 10 a\u00f1os que la empresa Roquette est\u00e1 acompa\u00f1ando a la asociaci\u00f3n de discapacitados f\u00edsicos y ps\u00edquicos SOM I ESTEM. \u201cUna d\u00e9cada  impulsando y apoyando sus actividades y proyectos\u201d como se\u00f1al\u00f3 el presidente de la empresa. As\u00ed el hall del Centro Cultural acoge ya una exposici\u00f3n gr\u00e1fica sobre esta d\u00e9cada de colaboraci\u00f3n.<\/p>\n<p>La Semana Cultural Roquette es una de las formas en las que \u201cRoquette apuesta por el desarrollo de Benifai\u00f3 no s\u00f3lo en el \u00e1mbito econ\u00f3mico, sino tambi\u00e9n el cultural, social y deportivo\u201d bajo el lema \u201cInteract\u00faa conmigo\u201d.<\/p>\n","protected":false},"excerpt":{"rendered":"<div class=\"mh-excerpt\">El Centro Cultural Enric Valor de Benifai\u00f3 acogi\u00f3 en la tarde de ayer martes la inauguraci\u00f3n oficial de la VI Semana Cultural Roquette. Un evento que tuvo una amplia asistencia de p\u00fablico, adem\u00e1s de pol\u00edticos <a class=\"mh-excerpt-more\" href=\"https:\/\/www.tucomarca.com\/wordpress\/segunda\/inaugurada-la-iv-semana-cultural-roquette-de-benifaio\/\" title=\"Inaugurada la IV Semana Cultural Roquette de Benifai\u00f3\">[+] <\/a><\/div>\n","protected":false},"author":2,"featured_media":45995,"comment_status":"open","ping_status":"open","sticky":false,"template":"","format":"standard","meta":{"footnotes":""},"categories":[267,8,42,3],"tags":[10460,1084,10357],"class_list":{"0":"post-45994","1":"post","2":"type-post","3":"status-publish","4":"format-standard","5":"has-post-thumbnail","7":"category-benifaio","8":"category-la-comarca","9":"category-la-ribera","10":"category-seccion","11":"tag-benifaio","12":"tag-inauguracion","13":"tag-iv-semana-cultural"},"_links":{"self":[{"href":"https:\/\/www.tucomarca.com\/wordpress\/segunda\/wp-json\/wp\/v2\/posts\/45994","targetHints":{"allow":["GET"]}}],"collection":[{"href":"https:\/\/www.tucomarca.com\/wordpress\/segunda\/wp-json\/wp\/v2\/posts"}],"about":[{"href":"https:\/\/www.tucomarca.com\/wordpress\/segunda\/wp-json\/wp\/v2\/types\/post"}],"author":[{"embeddable":true,"href":"https:\/\/www.tucomarca.com\/wordpress\/segunda\/wp-json\/wp\/v2\/users\/2"}],"replies":[{"embeddable":true,"href":"https:\/\/www.tucomarca.com\/wordpress\/segunda\/wp-json\/wp\/v2\/comments?post=45994"}],"version-history":[{"count":0,"href":"https:\/\/www.tucomarca.com\/wordpress\/segunda\/wp-json\/wp\/v2\/posts\/45994\/revisions"}],"wp:featuredmedia":[{"embeddable":true,"href":"https:\/\/www.tucomarca.com\/wordpress\/segunda\/wp-json\/wp\/v2\/media\/45995"}],"wp:attachment":[{"href":"https:\/\/www.tucomarca.com\/wordpress\/segunda\/wp-json\/wp\/v2\/media?parent=45994"}],"wp:term":[{"taxonomy":"category","embeddable":true,"href":"https:\/\/www.tucomarca.com\/wordpress\/segunda\/wp-json\/wp\/v2\/categories?post=45994"},{"taxonomy":"post_tag","embeddable":true,"href":"https:\/\/www.tucomarca.com\/wordpress\/segunda\/wp-json\/wp\/v2\/tags?post=45994"}],"curies":[{"name":"wp","href":"https:\/\/api.w.org\/{rel}","templated":true}]}}