{"id":45999,"date":"2016-04-20T15:36:01","date_gmt":"2016-04-20T12:36:01","guid":{"rendered":"http:\/\/www.tucomarca.com\/wordpress\/segunda\/?p=45999"},"modified":"2016-04-20T15:36:01","modified_gmt":"2016-04-20T12:36:01","slug":"comienzan-las-fiestas-patronales-de-los-duques","status":"publish","type":"post","link":"https:\/\/www.tucomarca.com\/wordpress\/segunda\/comienzan-las-fiestas-patronales-de-los-duques\/","title":{"rendered":"Comienzan las fiestas patronales de Los Duques"},"content":{"rendered":"<p>Con calles y plazas engalanadas, la pedan\u00eda de Los Duques \u2014en el municipio de Requena\u2014 inicia ma\u00f1ana jueves los actos de sus fiestas patronales en honor de su patrona la Virgen de la Encarnaci\u00f3n, que se prolongar\u00e1n hasta el pr\u00f3ximo domingo.<br \/>\nLa comisi\u00f3n organizadora de las fiestas a programado unos festejos orientados a complacer los gustos de personas de todas las edades. Entre ellos merece destacar : las sesiones de baile amenizadas por las orquestas Diamond y la Creme, que llenaran de m\u00fasica, luz y color el centro social de la pedan\u00eda.<br \/>\nOtros festejos destacados ser\u00e1n : la procesi\u00f3n con la patrona, un concurso de paellas y el vino de honor que ofrecer\u00e1 la cooperativa la Encarnaci\u00f3n, de la localidad.<br \/>\nTradicionalmente las fiestas de Los Duques registan gran afluencia de p\u00fablico. Informa Luis Ib\u00e1\u00f1ez.<\/p>\n","protected":false},"excerpt":{"rendered":"<div class=\"mh-excerpt\">Con calles y plazas engalanadas, la pedan\u00eda de Los Duques \u2014en el municipio de Requena\u2014 inicia ma\u00f1ana jueves los actos de sus fiestas patronales en honor de su patrona la Virgen de la Encarnaci\u00f3n, que <a class=\"mh-excerpt-more\" href=\"https:\/\/www.tucomarca.com\/wordpress\/segunda\/comienzan-las-fiestas-patronales-de-los-duques\/\" title=\"Comienzan las fiestas patronales de Los Duques\">[+] <\/a><\/div>\n","protected":false},"author":2,"featured_media":0,"comment_status":"open","ping_status":"open","sticky":false,"template":"","format":"standard","meta":{"footnotes":""},"categories":[4,3],"tags":[355,766,1711],"class_list":{"0":"post-45999","1":"post","2":"type-post","3":"status-publish","4":"format-standard","6":"category-agenda","7":"category-seccion","8":"tag-fiestas","9":"tag-los-duques","10":"tag-patronales"},"_links":{"self":[{"href":"https:\/\/www.tucomarca.com\/wordpress\/segunda\/wp-json\/wp\/v2\/posts\/45999","targetHints":{"allow":["GET"]}}],"collection":[{"href":"https:\/\/www.tucomarca.com\/wordpress\/segunda\/wp-json\/wp\/v2\/posts"}],"about":[{"href":"https:\/\/www.tucomarca.com\/wordpress\/segunda\/wp-json\/wp\/v2\/types\/post"}],"author":[{"embeddable":true,"href":"https:\/\/www.tucomarca.com\/wordpress\/segunda\/wp-json\/wp\/v2\/users\/2"}],"replies":[{"embeddable":true,"href":"https:\/\/www.tucomarca.com\/wordpress\/segunda\/wp-json\/wp\/v2\/comments?post=45999"}],"version-history":[{"count":0,"href":"https:\/\/www.tucomarca.com\/wordpress\/segunda\/wp-json\/wp\/v2\/posts\/45999\/revisions"}],"wp:attachment":[{"href":"https:\/\/www.tucomarca.com\/wordpress\/segunda\/wp-json\/wp\/v2\/media?parent=45999"}],"wp:term":[{"taxonomy":"category","embeddable":true,"href":"https:\/\/www.tucomarca.com\/wordpress\/segunda\/wp-json\/wp\/v2\/categories?post=45999"},{"taxonomy":"post_tag","embeddable":true,"href":"https:\/\/www.tucomarca.com\/wordpress\/segunda\/wp-json\/wp\/v2\/tags?post=45999"}],"curies":[{"name":"wp","href":"https:\/\/api.w.org\/{rel}","templated":true}]}}