{"id":4607,"date":"2012-06-30T14:28:30","date_gmt":"2012-06-30T12:28:30","guid":{"rendered":"http:\/\/www.tucomarca.com\/wordpress\/segunda\/?p=4607"},"modified":"2012-06-30T14:32:14","modified_gmt":"2012-06-30T12:32:14","slug":"las-tareas-de-extincion-en-andilla-se-centran-en-evitar-que-el-fuego-llegue-a-la-sierra-calderona","status":"publish","type":"post","link":"https:\/\/www.tucomarca.com\/wordpress\/segunda\/las-tareas-de-extincion-en-andilla-se-centran-en-evitar-que-el-fuego-llegue-a-la-sierra-calderona\/","title":{"rendered":"Las tareas de extinci\u00f3n en Andilla se centran en evitar que el fuego llegue a la Sierra Calderona"},"content":{"rendered":"<p>El conseller de Gobernaci\u00f3n, Seraf\u00edn Castellano, ha explicado que m\u00e1s de 1.300 efectivos terrestres y cerca de 40 medios a\u00e9reos est\u00e1n trabajando en la extinci\u00f3n de Cortes de Pall\u00e1s y Andilla.<\/p>\n<p>El conseller Seraf\u00edn Castellano ha mantenido esta ma\u00f1ana sendas reuniones en el Puesto de Mando Avanzado del incendio forestal de Andilla (Villar del Arzobispo), y de Cortes de Pall\u00e1s (Y\u00e1tova), para informar de su evoluci\u00f3n y del trabajo de extinci\u00f3n.<\/p>\n<p><strong>Incendio de Andilla<\/strong><\/p>\n<p>Respecto al incendio forestal en Andilla, el titular de la conselleria de Gobernaci\u00f3n ha explicado que las condiciones meteorol\u00f3gicas \u00abson adversas con rachas de viento cambiantes, escasa humedad y elevadas temperaturas, lo que han complicado durante toda la noche las tareas de extinci\u00f3n\u00bb.<\/p>\n<p>Al respecto, ha avanzado que estas condiciones climatol\u00f3gicas con vientos de poniente \u00abvan a continuar hasta esta noche, cuando se espera que cambien las previsiones meteorol\u00f3gicas\u00bb.<\/p>\n<p>Asimismo, Seraf\u00edn Castellano ha destacado que est\u00e1n trabajando 9 medios a\u00e9reos y alrededor de 200 efectivos terrestres y ha indicado que la estrategia de las labores de extinci\u00f3n \u00abse dividen en dos sectores, en frenar la cabeza y la cola del incendio, para evitar que el fuego llegue a la Sierra Calderona\u00bb. \u2028\u2028Respecto a las causas del incendio, Castellano ha apuntado que no se descarta ninguna l\u00ednea de investigaci\u00f3n \u00abaunque todo apunta a que podr\u00eda deberse a una negligencia por una quema descontrolada\u00bb.<\/p>\n","protected":false},"excerpt":{"rendered":"<div class=\"mh-excerpt\">El conseller de Gobernaci\u00f3n, Seraf\u00edn Castellano, ha explicado que m\u00e1s de 1.300 efectivos terrestres y cerca de 40 medios a\u00e9reos est\u00e1n trabajando en la extinci\u00f3n de Cortes de Pall\u00e1s y Andilla. El conseller Seraf\u00edn Castellano <a class=\"mh-excerpt-more\" href=\"https:\/\/www.tucomarca.com\/wordpress\/segunda\/las-tareas-de-extincion-en-andilla-se-centran-en-evitar-que-el-fuego-llegue-a-la-sierra-calderona\/\" title=\"Las tareas de extinci\u00f3n en Andilla se centran en evitar que el fuego llegue a la Sierra Calderona\">[+] <\/a><\/div>\n","protected":false},"author":1,"featured_media":0,"comment_status":"open","ping_status":"open","sticky":false,"template":"","format":"standard","meta":{"footnotes":""},"categories":[191,46,8,47,59,3,116],"tags":[],"class_list":{"0":"post-4607","1":"post","2":"type-post","3":"status-publish","4":"format-standard","6":"category-andilla","7":"category-camp-de-turia","8":"category-la-comarca","9":"category-lliria","10":"category-los-serranos","11":"category-seccion","12":"category-sucesos-la-comarca"},"_links":{"self":[{"href":"https:\/\/www.tucomarca.com\/wordpress\/segunda\/wp-json\/wp\/v2\/posts\/4607","targetHints":{"allow":["GET"]}}],"collection":[{"href":"https:\/\/www.tucomarca.com\/wordpress\/segunda\/wp-json\/wp\/v2\/posts"}],"about":[{"href":"https:\/\/www.tucomarca.com\/wordpress\/segunda\/wp-json\/wp\/v2\/types\/post"}],"author":[{"embeddable":true,"href":"https:\/\/www.tucomarca.com\/wordpress\/segunda\/wp-json\/wp\/v2\/users\/1"}],"replies":[{"embeddable":true,"href":"https:\/\/www.tucomarca.com\/wordpress\/segunda\/wp-json\/wp\/v2\/comments?post=4607"}],"version-history":[{"count":0,"href":"https:\/\/www.tucomarca.com\/wordpress\/segunda\/wp-json\/wp\/v2\/posts\/4607\/revisions"}],"wp:attachment":[{"href":"https:\/\/www.tucomarca.com\/wordpress\/segunda\/wp-json\/wp\/v2\/media?parent=4607"}],"wp:term":[{"taxonomy":"category","embeddable":true,"href":"https:\/\/www.tucomarca.com\/wordpress\/segunda\/wp-json\/wp\/v2\/categories?post=4607"},{"taxonomy":"post_tag","embeddable":true,"href":"https:\/\/www.tucomarca.com\/wordpress\/segunda\/wp-json\/wp\/v2\/tags?post=4607"}],"curies":[{"name":"wp","href":"https:\/\/api.w.org\/{rel}","templated":true}]}}