{"id":4615,"date":"2012-06-30T16:24:19","date_gmt":"2012-06-30T14:24:19","guid":{"rendered":"http:\/\/www.tucomarca.com\/wordpress\/segunda\/?p=4615"},"modified":"2012-07-31T13:03:28","modified_gmt":"2012-07-31T11:03:28","slug":"el-de-cortes-de-pallas-se-perfila-ya-como-el-mayor-incendio-de-la-provincia-en-toda-su-historia","status":"publish","type":"post","link":"https:\/\/www.tucomarca.com\/wordpress\/segunda\/el-de-cortes-de-pallas-se-perfila-ya-como-el-mayor-incendio-de-la-provincia-en-toda-su-historia\/","title":{"rendered":"El de Cortes de Pall\u00e1s se perfila ya como el mayor incendio de la provincia en toda su historia"},"content":{"rendered":"<figure id=\"attachment_4622\" aria-describedby=\"caption-attachment-4622\" style=\"width: 300px\" class=\"wp-caption alignleft\"><a href=\"https:\/\/www.tucomarca.com\/wordpress\/segunda\/wp-content\/uploads\/2012\/06\/motroton3.jpg\"><img loading=\"lazy\" decoding=\"async\" class=\"size-medium wp-image-4622\" title=\"motroton3\" src=\"https:\/\/www.tucomarca.com\/wordpress\/segunda\/wp-content\/uploads\/2012\/06\/motroton3-300x225.jpg\" alt=\"Los servicios de extinci\u00f3n trabajan ahora cerca del Motrot\u00f3n, en Y\u00e1tova.\" width=\"300\" height=\"225\" srcset=\"https:\/\/www.tucomarca.com\/wordpress\/segunda\/wp-content\/uploads\/2012\/06\/motroton3-300x225.jpg 300w, https:\/\/www.tucomarca.com\/wordpress\/segunda\/wp-content\/uploads\/2012\/06\/motroton3.jpg 640w\" sizes=\"auto, (max-width: 300px) 100vw, 300px\" \/><\/a><figcaption id=\"caption-attachment-4622\" class=\"wp-caption-text\">Los servicios de extinci\u00f3n trabajan ahora cerca del Motrot\u00f3n, en Y\u00e1tova.<\/figcaption><\/figure>\n<p>Las primeras estimaciones, todav\u00eda no oficiales, sit\u00faan ya en m\u00e1s de 30.000 las hect\u00e1reas quemadas por el incendio desatado en el t\u00e9rmino de Cortes de Pall\u00e1s el jueves por la tarde y que a en este momento \u2014precisamente 48 horas despu\u00e9s del aviso recibido en el 112 a las 16,00 horas del jueves 28 de junio\u2014 sigue arrasando los montes del interior.<\/p>\n<p>De confirmarse esta cifra, estar\u00edamos quiz\u00e1s ante el mayor incendio sufrido en la provincia de Valencia en toda su historia conocida. Ya que el mayor siniestro forestal que se recuerda, hasta la fecha, era el incendio padecido en los montes de Bu\u00f1ol en el verano del a\u00f1o 1991, que afect\u00f3 a varios t\u00e9rminos municipales y cuya cifra oficial fue de 21.000 hect\u00e1reas quemadas.<\/p>\n<p>Sin embargo, aquel incendio se prolongo por espacio de 13 d\u00edas y el que ahora mismo sigue arrasando tres comarcas apenas lleva 48 horas en marcha. Una circunstancia que podr\u00eda agravar todav\u00eda m\u00e1s las cifras que ahora mismo se barajan.<\/p>\n<p>Tambi\u00e9n sigue aumentando la cifra de despazados y evacuados en otro de los frentes, el de la zona de La Ribera Alta, donde afecta ya a los t\u00e9rminos de Catadau, Tous y parece que en breve podr\u00eda llegar hasta el de Carlet.<\/p>\n<p>El fuego ha afectado por lo tanto a una decena de municipios: Cortes de Pall\u00e1s, Dos Aguas, Macastre, Tur\u00eds, Montroy, Alborache, Millares, Catadau, Llombai, Tous y Y\u00e1tova, donde se combate ahora m\u00e1s intensamente para que las llamas no lleguen hasta el emblem\u00e1tico Motrot\u00f3n.<\/p>\n<p>Precisamente esta \u00faltima localidad se ha convertido en casi una zona de guerra, por la elevada presencia de unidades militares de la Unidad Militar de Emergencias (UME) que han establecido aqu\u00ed su cuartel general, \u00abcuyo m\u00e1ximo responsable al mando, un general de la UME reci\u00e9n llegado de El L\u00edbano nos ha agradecido al Ayuntamiento toda la ayuda y los esfuerzos que estamos haciendo con ellos\u00bb, tal como ha manifestado el alcalde de Y\u00e1tova a <strong>tucomarca.com<\/strong>.<\/p>\n<p><strong><\/strong><strong>Desalojo de cinco urbanizaciones en Llombai y Catadau<\/strong><\/p>\n<p>Esta ma\u00f1ana la Guardia Civil ha procedio tambi\u00e9n al desalojo de  las urbaniaciones de la Lloma Molina y Lloma Pag\u00e0, en el t\u00e9rmino de  Catadau; y hacia la una de la tarde el desalojo se extend\u00eda a las  urbanizaciones de La Ponderosa, La Atalaya y San Antonio, todas ellas en  el t\u00e9rmino de Llombai. El lado positivo, como ya ha informado <strong>tucomarca.com<\/strong> en una  edici\u00f3n anterior, es que a primera  hora de la tarde de hoy los desalojados de  las urbanizaciones de Altury  (Tur\u00eds) y Balc\u00f3n de Montroy (Montroy) ya han  podido regresar a sus  casas; al igual que los vecinos de Dos aguas.<\/p>\n<p><strong>Los operarios, en libertad<\/strong><\/p>\n<p>Los dos j\u00f3venes operarios \u2014con edades entre los 20 y los 30 a\u00f1os\u2014 que han sido formalemente acusados de ser los causantes del incendio de Cortes de Pall\u00e1s debido a los trabajos para colocar unas placas solares que estaban desarrollando en un chal\u00e9 del t\u00e9rmino de Cortes, han quedado en libertad provisional tras prestar declaraci\u00f3n esta ma\u00f1ana en los juzgados de Requena, donde, de momento y a la espera de ver las proporciones con las que acaba este incendio, han sido acusados ya de un delito contra el medio ambiente por imprudencia.<\/p>\n","protected":false},"excerpt":{"rendered":"<div class=\"mh-excerpt\">Las primeras estimaciones, todav\u00eda no oficiales, sit\u00faan ya en m\u00e1s de 30.000 las hect\u00e1reas quemadas por el incendio desatado en el t\u00e9rmino de Cortes de Pall\u00e1s el jueves por la tarde y que a en <a class=\"mh-excerpt-more\" href=\"https:\/\/www.tucomarca.com\/wordpress\/segunda\/el-de-cortes-de-pallas-se-perfila-ya-como-el-mayor-incendio-de-la-provincia-en-toda-su-historia\/\" title=\"El de Cortes de Pall\u00e1s se perfila ya como el mayor incendio de la provincia en toda su historia\">[+] <\/a><\/div>\n","protected":false},"author":1,"featured_media":4622,"comment_status":"open","ping_status":"open","sticky":false,"template":"","format":"standard","meta":{"footnotes":""},"categories":[19,40,15,8,10,13,3,116,45,11],"tags":[],"class_list":{"0":"post-4615","1":"post","2":"type-post","3":"status-publish","4":"format-standard","5":"has-post-thumbnail","7":"category-alborache","8":"category-cortes-de-pallas","9":"category-dos-aguas","10":"category-la-comarca","11":"category-la-hoya","12":"category-macastre","13":"category-seccion","14":"category-sucesos-la-comarca","15":"category-ventana","16":"category-yatova"},"_links":{"self":[{"href":"https:\/\/www.tucomarca.com\/wordpress\/segunda\/wp-json\/wp\/v2\/posts\/4615","targetHints":{"allow":["GET"]}}],"collection":[{"href":"https:\/\/www.tucomarca.com\/wordpress\/segunda\/wp-json\/wp\/v2\/posts"}],"about":[{"href":"https:\/\/www.tucomarca.com\/wordpress\/segunda\/wp-json\/wp\/v2\/types\/post"}],"author":[{"embeddable":true,"href":"https:\/\/www.tucomarca.com\/wordpress\/segunda\/wp-json\/wp\/v2\/users\/1"}],"replies":[{"embeddable":true,"href":"https:\/\/www.tucomarca.com\/wordpress\/segunda\/wp-json\/wp\/v2\/comments?post=4615"}],"version-history":[{"count":0,"href":"https:\/\/www.tucomarca.com\/wordpress\/segunda\/wp-json\/wp\/v2\/posts\/4615\/revisions"}],"wp:featuredmedia":[{"embeddable":true,"href":"https:\/\/www.tucomarca.com\/wordpress\/segunda\/wp-json\/wp\/v2\/media\/4622"}],"wp:attachment":[{"href":"https:\/\/www.tucomarca.com\/wordpress\/segunda\/wp-json\/wp\/v2\/media?parent=4615"}],"wp:term":[{"taxonomy":"category","embeddable":true,"href":"https:\/\/www.tucomarca.com\/wordpress\/segunda\/wp-json\/wp\/v2\/categories?post=4615"},{"taxonomy":"post_tag","embeddable":true,"href":"https:\/\/www.tucomarca.com\/wordpress\/segunda\/wp-json\/wp\/v2\/tags?post=4615"}],"curies":[{"name":"wp","href":"https:\/\/api.w.org\/{rel}","templated":true}]}}