{"id":4626,"date":"2012-06-30T17:17:33","date_gmt":"2012-06-30T15:17:33","guid":{"rendered":"http:\/\/www.tucomarca.com\/wordpress\/segunda\/?p=4626"},"modified":"2012-06-30T17:17:33","modified_gmt":"2012-06-30T15:17:33","slug":"fabra-se-reune-de-nuevo-con-los-alcaldes-afectados-por-los-incendios","status":"publish","type":"post","link":"https:\/\/www.tucomarca.com\/wordpress\/segunda\/fabra-se-reune-de-nuevo-con-los-alcaldes-afectados-por-los-incendios\/","title":{"rendered":"Fabra se re\u00fane de nuevo con los alcaldes afectados por los incendios"},"content":{"rendered":"<p>El President de la Generalitat, Alberto Fabra, mantiene en estos momentos una reuni\u00f3n con los alcaldes de los municipios afectados por el incendio de Andilla, cita que se ha fijado en el Ayuntamiento de Villar del Arzobispo.<\/p>\n<p>Adem\u00e1s, el President de la Generalitat tiene previsto reunirsse tambi\u00e9n a las 19,00 horas con los alcaldes de los municipios afectados por el incendio de Cortes de Pall\u00e1s en el Puesto de Mando Avanzado ubicado en el Parque de Emergencias de Y\u00e1tova, para evaluar la marcha de los trabajso de extinci\u00f3n del incendio.<\/p>\n<p>Ademas, tal como se acaba de confirmar, se ha producido una nueva evacuaci\u00f3n de vecinos a causa del incendio de Cortes de Pall\u00e1s, en este caso en la localidad de Teresa de Cofrentes, perteneciente tambi\u00e9n al Valle de Ayora-Cofrentes.<\/p>\n","protected":false},"excerpt":{"rendered":"<div class=\"mh-excerpt\">El President de la Generalitat, Alberto Fabra, mantiene en estos momentos una reuni\u00f3n con los alcaldes de los municipios afectados por el incendio de Andilla, cita que se ha fijado en el Ayuntamiento de Villar <a class=\"mh-excerpt-more\" href=\"https:\/\/www.tucomarca.com\/wordpress\/segunda\/fabra-se-reune-de-nuevo-con-los-alcaldes-afectados-por-los-incendios\/\" title=\"Fabra se re\u00fane de nuevo con los alcaldes afectados por los incendios\">[+] <\/a><\/div>\n","protected":false},"author":1,"featured_media":0,"comment_status":"open","ping_status":"open","sticky":false,"template":"","format":"standard","meta":{"footnotes":""},"categories":[191,38,40,15,8,10,47,59,13,3,116,232,11],"tags":[],"class_list":{"0":"post-4626","1":"post","2":"type-post","3":"status-publish","4":"format-standard","6":"category-andilla","7":"category-ayora-cofrentes","8":"category-cortes-de-pallas","9":"category-dos-aguas","10":"category-la-comarca","11":"category-la-hoya","12":"category-lliria","13":"category-los-serranos","14":"category-macastre","15":"category-seccion","16":"category-sucesos-la-comarca","17":"category-teresa-de-cofrentes","18":"category-yatova"},"_links":{"self":[{"href":"https:\/\/www.tucomarca.com\/wordpress\/segunda\/wp-json\/wp\/v2\/posts\/4626","targetHints":{"allow":["GET"]}}],"collection":[{"href":"https:\/\/www.tucomarca.com\/wordpress\/segunda\/wp-json\/wp\/v2\/posts"}],"about":[{"href":"https:\/\/www.tucomarca.com\/wordpress\/segunda\/wp-json\/wp\/v2\/types\/post"}],"author":[{"embeddable":true,"href":"https:\/\/www.tucomarca.com\/wordpress\/segunda\/wp-json\/wp\/v2\/users\/1"}],"replies":[{"embeddable":true,"href":"https:\/\/www.tucomarca.com\/wordpress\/segunda\/wp-json\/wp\/v2\/comments?post=4626"}],"version-history":[{"count":0,"href":"https:\/\/www.tucomarca.com\/wordpress\/segunda\/wp-json\/wp\/v2\/posts\/4626\/revisions"}],"wp:attachment":[{"href":"https:\/\/www.tucomarca.com\/wordpress\/segunda\/wp-json\/wp\/v2\/media?parent=4626"}],"wp:term":[{"taxonomy":"category","embeddable":true,"href":"https:\/\/www.tucomarca.com\/wordpress\/segunda\/wp-json\/wp\/v2\/categories?post=4626"},{"taxonomy":"post_tag","embeddable":true,"href":"https:\/\/www.tucomarca.com\/wordpress\/segunda\/wp-json\/wp\/v2\/tags?post=4626"}],"curies":[{"name":"wp","href":"https:\/\/api.w.org\/{rel}","templated":true}]}}