{"id":4636,"date":"2012-06-30T20:05:06","date_gmt":"2012-06-30T18:05:06","guid":{"rendered":"http:\/\/www.tucomarca.com\/wordpress\/segunda\/?p=4636"},"modified":"2012-06-30T20:10:27","modified_gmt":"2012-06-30T18:10:27","slug":"los-alcaldes-de-la-zona-afectada-por-los-incendios-se-reunen-con-fabra","status":"publish","type":"post","link":"https:\/\/www.tucomarca.com\/wordpress\/segunda\/los-alcaldes-de-la-zona-afectada-por-los-incendios-se-reunen-con-fabra\/","title":{"rendered":"Los alcaldes de la zona afectada por los incendios se re\u00fanen con Fabra"},"content":{"rendered":"<figure id=\"attachment_4637\" aria-describedby=\"caption-attachment-4637\" style=\"width: 300px\" class=\"wp-caption alignleft\"><a href=\"https:\/\/www.tucomarca.com\/wordpress\/segunda\/wp-content\/uploads\/2012\/06\/FabraAndilla.jpg\"><img loading=\"lazy\" decoding=\"async\" class=\"size-medium wp-image-4637\" title=\"FabraAndilla\" src=\"https:\/\/www.tucomarca.com\/wordpress\/segunda\/wp-content\/uploads\/2012\/06\/FabraAndilla-300x195.jpg\" alt=\"Reunido con los alcaldes de los municipios afectados por el incendio de Andilla en el Ayto de Villar del Arzobispo. \" width=\"300\" height=\"195\" \/><\/a><figcaption id=\"caption-attachment-4637\" class=\"wp-caption-text\">Reunido con los alcaldes de los municipios afectados por el incendio de Andilla en el Ayto de Villar del Arzobispo. <\/figcaption><\/figure>\n<p>Los alcaldes de los municipios afectados por el incendio de Cortes dePall\u00e1s se encuentran en estos momentos reunidos con el President de la Generalitat, Alberto Fabra, en el Cento de Emergencias de Y\u00e1tova, donde se encuentran, entre otros m\u00e1ximos responsables locales, Rafael Lisarde (Y\u00e1tova), Mar\u00eda Jos\u00e9 Casero (Macastre), Alberto S\u00e1ez (Cortes de Pall\u00e1s), Jos\u00e9 Ram\u00f3n Grau (Dos Aguas) o Pilar Lozano (Tur\u00eds).<\/p>\n<p>Horas antes, Alberto Fabra se ha reunido con los alcaldes de los municipios afectados por el incendio de Andilla en el Ayto de Villar del Arzobispo, una imagen que acompa\u00f1a estas l\u00edneas.<\/p>\n<p>Estamos a la espera de recibir m\u00e1s informaci\u00f3n en cuanto acabe la reuni\u00f3n, que inmediatamente os transmitiremos.<\/p>\n","protected":false},"excerpt":{"rendered":"<div class=\"mh-excerpt\">Los alcaldes de los municipios afectados por el incendio de Cortes dePall\u00e1s se encuentran en estos momentos reunidos con el President de la Generalitat, Alberto Fabra, en el Cento de Emergencias de Y\u00e1tova, donde se <a class=\"mh-excerpt-more\" href=\"https:\/\/www.tucomarca.com\/wordpress\/segunda\/los-alcaldes-de-la-zona-afectada-por-los-incendios-se-reunen-con-fabra\/\" title=\"Los alcaldes de la zona afectada por los incendios se re\u00fanen con Fabra\">[+] <\/a><\/div>\n","protected":false},"author":1,"featured_media":4637,"comment_status":"open","ping_status":"open","sticky":false,"template":"","format":"standard","meta":{"footnotes":""},"categories":[19,40,15,8,10,97,13,160,3,116,43,45,11],"tags":[],"class_list":{"0":"post-4636","1":"post","2":"type-post","3":"status-publish","4":"format-standard","5":"has-post-thumbnail","7":"category-alborache","8":"category-cortes-de-pallas","9":"category-dos-aguas","10":"category-la-comarca","11":"category-la-hoya","12":"category-llombai","13":"category-macastre","14":"category-montroi","15":"category-seccion","16":"category-sucesos-la-comarca","17":"category-turis","18":"category-ventana","19":"category-yatova"},"_links":{"self":[{"href":"https:\/\/www.tucomarca.com\/wordpress\/segunda\/wp-json\/wp\/v2\/posts\/4636","targetHints":{"allow":["GET"]}}],"collection":[{"href":"https:\/\/www.tucomarca.com\/wordpress\/segunda\/wp-json\/wp\/v2\/posts"}],"about":[{"href":"https:\/\/www.tucomarca.com\/wordpress\/segunda\/wp-json\/wp\/v2\/types\/post"}],"author":[{"embeddable":true,"href":"https:\/\/www.tucomarca.com\/wordpress\/segunda\/wp-json\/wp\/v2\/users\/1"}],"replies":[{"embeddable":true,"href":"https:\/\/www.tucomarca.com\/wordpress\/segunda\/wp-json\/wp\/v2\/comments?post=4636"}],"version-history":[{"count":0,"href":"https:\/\/www.tucomarca.com\/wordpress\/segunda\/wp-json\/wp\/v2\/posts\/4636\/revisions"}],"wp:featuredmedia":[{"embeddable":true,"href":"https:\/\/www.tucomarca.com\/wordpress\/segunda\/wp-json\/wp\/v2\/media\/4637"}],"wp:attachment":[{"href":"https:\/\/www.tucomarca.com\/wordpress\/segunda\/wp-json\/wp\/v2\/media?parent=4636"}],"wp:term":[{"taxonomy":"category","embeddable":true,"href":"https:\/\/www.tucomarca.com\/wordpress\/segunda\/wp-json\/wp\/v2\/categories?post=4636"},{"taxonomy":"post_tag","embeddable":true,"href":"https:\/\/www.tucomarca.com\/wordpress\/segunda\/wp-json\/wp\/v2\/tags?post=4636"}],"curies":[{"name":"wp","href":"https:\/\/api.w.org\/{rel}","templated":true}]}}