{"id":4647,"date":"2012-06-30T20:37:43","date_gmt":"2012-06-30T18:37:43","guid":{"rendered":"http:\/\/www.tucomarca.com\/wordpress\/segunda\/?p=4647"},"modified":"2012-06-30T20:37:43","modified_gmt":"2012-06-30T18:37:43","slug":"se-evacuan-por-precaucion-los-municipios-de-gatova-y-marines","status":"publish","type":"post","link":"https:\/\/www.tucomarca.com\/wordpress\/segunda\/se-evacuan-por-precaucion-los-municipios-de-gatova-y-marines\/","title":{"rendered":"Se evacuan por precauci\u00f3n los municipios de G\u00e1tova y Marines"},"content":{"rendered":"<p>Tal como acaba de informar en estos momentos el Centro de Emergencias de la Generalitat Valenciana, se va a proceder a la evacuaci\u00f3n de los municipios de G\u00e1tova y Marines, una medida que ha sido justificada desde el Centro de Emergencias \u00abpor precauci\u00f3n\u00bb.<\/p>\n<p>Ambas localidades est\u00e1n afectadas por el incendio de Andilla, que se inci\u00f3 la tarde de ayer y que ya ha artavesado, entre otros t\u00e9rminos, los de Ll\u00edria. Seg\u00fan las \u00faltimas noticias, otro de los frentes de este incendio podr\u00eda estar aproxim\u00e1ndose a la vecina provincai de Castell\u00f3n.<\/p>\n<p>&nbsp;<\/p>\n","protected":false},"excerpt":{"rendered":"<div class=\"mh-excerpt\">Tal como acaba de informar en estos momentos el Centro de Emergencias de la Generalitat Valenciana, se va a proceder a la evacuaci\u00f3n de los municipios de G\u00e1tova y Marines, una medida que ha sido <a class=\"mh-excerpt-more\" href=\"https:\/\/www.tucomarca.com\/wordpress\/segunda\/se-evacuan-por-precaucion-los-municipios-de-gatova-y-marines\/\" title=\"Se evacuan por precauci\u00f3n los municipios de G\u00e1tova y Marines\">[+] <\/a><\/div>\n","protected":false},"author":1,"featured_media":0,"comment_status":"open","ping_status":"open","sticky":false,"template":"","format":"standard","meta":{"footnotes":""},"categories":[198,46,176,8,47,59,179,3,116],"tags":[],"class_list":{"0":"post-4647","1":"post","2":"type-post","3":"status-publish","4":"format-standard","6":"category-alpuente","7":"category-camp-de-turia","8":"category-gatova","9":"category-la-comarca","10":"category-lliria","11":"category-los-serranos","12":"category-marines","13":"category-seccion","14":"category-sucesos-la-comarca"},"_links":{"self":[{"href":"https:\/\/www.tucomarca.com\/wordpress\/segunda\/wp-json\/wp\/v2\/posts\/4647","targetHints":{"allow":["GET"]}}],"collection":[{"href":"https:\/\/www.tucomarca.com\/wordpress\/segunda\/wp-json\/wp\/v2\/posts"}],"about":[{"href":"https:\/\/www.tucomarca.com\/wordpress\/segunda\/wp-json\/wp\/v2\/types\/post"}],"author":[{"embeddable":true,"href":"https:\/\/www.tucomarca.com\/wordpress\/segunda\/wp-json\/wp\/v2\/users\/1"}],"replies":[{"embeddable":true,"href":"https:\/\/www.tucomarca.com\/wordpress\/segunda\/wp-json\/wp\/v2\/comments?post=4647"}],"version-history":[{"count":0,"href":"https:\/\/www.tucomarca.com\/wordpress\/segunda\/wp-json\/wp\/v2\/posts\/4647\/revisions"}],"wp:attachment":[{"href":"https:\/\/www.tucomarca.com\/wordpress\/segunda\/wp-json\/wp\/v2\/media?parent=4647"}],"wp:term":[{"taxonomy":"category","embeddable":true,"href":"https:\/\/www.tucomarca.com\/wordpress\/segunda\/wp-json\/wp\/v2\/categories?post=4647"},{"taxonomy":"post_tag","embeddable":true,"href":"https:\/\/www.tucomarca.com\/wordpress\/segunda\/wp-json\/wp\/v2\/tags?post=4647"}],"curies":[{"name":"wp","href":"https:\/\/api.w.org\/{rel}","templated":true}]}}