{"id":4650,"date":"2012-06-30T20:45:29","date_gmt":"2012-06-30T18:45:29","guid":{"rendered":"http:\/\/www.tucomarca.com\/wordpress\/segunda\/?p=4650"},"modified":"2012-06-30T20:46:38","modified_gmt":"2012-06-30T18:46:38","slug":"fabra-pone-%c2%abtoda-la-administracion-al-servicio-de-los-municipios%c2%bb-y-agradece-%c2%abla-excelente-labor-que-estan-realizando-profesionales-y-voluntarios%c2%bb","status":"publish","type":"post","link":"https:\/\/www.tucomarca.com\/wordpress\/segunda\/fabra-pone-%c2%abtoda-la-administracion-al-servicio-de-los-municipios%c2%bb-y-agradece-%c2%abla-excelente-labor-que-estan-realizando-profesionales-y-voluntarios%c2%bb\/","title":{"rendered":"Fabra pone \u00abtoda la Administraci\u00f3n al servicio de los municipios\u00bb y agradece \u00abla excelente labor que est\u00e1n realizando profesionales y voluntarios\u00bb"},"content":{"rendered":"<figure id=\"attachment_4651\" aria-describedby=\"caption-attachment-4651\" style=\"width: 300px\" class=\"wp-caption alignleft\"><a href=\"https:\/\/www.tucomarca.com\/wordpress\/segunda\/wp-content\/uploads\/2012\/06\/helicoptero-2.jpg\"><img loading=\"lazy\" decoding=\"async\" class=\"size-medium wp-image-4651\" title=\"helicoptero 2\" src=\"https:\/\/www.tucomarca.com\/wordpress\/segunda\/wp-content\/uploads\/2012\/06\/helicoptero-2-300x194.jpg\" alt=\"Castellano y Fabra sobrevuelan la zona afectada.\" width=\"300\" height=\"194\" \/><\/a><figcaption id=\"caption-attachment-4651\" class=\"wp-caption-text\">Castellano y Fabra sobrevuelan la zona afectada.<\/figcaption><\/figure>\n<p>El President de la Generalitat, Alberto Fabra, ha realizado estas declaraciones tras una encuentro con alcaldes de los municipios afectados por el incendio de Andilla, donde ha indicado que \u201cse han incrementado los medios terrestres y a\u00e9reos para seguir trabajando contra la situaci\u00f3n meteorol\u00f3gica adversa\u201d.<\/p>\n<p>El jefe del Consell ha indicado que se ha llevado a cabo una reuni\u00f3n con los alcaldes para hacer ver que lo que se est\u00e1 procurando en estos momentos es generar \u201cla mayor seguridad hacia las personas\u201d y seguir trabajando para atajar el avance de los incendios. En este sentido, Fabra ha asegurado que lo importante es continuar colaborando entre todas las administraciones para ponernos al servicio de alcaldes y vecinos.<\/p>\n<p>Adem\u00e1s, ha recalcado que la situaci\u00f3n es complicada porque \u201clas condiciones climatol\u00f3gicas no est\u00e1n ayudando\u201d, ya que esta tarde el viento tambi\u00e9n hab\u00eda crecido y eso hace que adem\u00e1s de la inaccesibilidad de la zona, la fuerza del viento y las temperaturas sea complicado el poder afrontar la extinci\u00f3n de estos incendios.<\/p>\n<p>Finalmente, el jefe del Consell ha indicado que lo m\u00e1s importante para\u00a0 las Administraciones, tanto la del Estado como las Provinciales y Locales es \u201cponer toda la ayuda y colaboraci\u00f3n posible para las personas que tienen que ser evacuadas o que ya lo han sido\u201d, ofreciendo todos los servicios y atenciones por parte de la Administraci\u00f3n.<\/p>\n","protected":false},"excerpt":{"rendered":"<div class=\"mh-excerpt\">El President de la Generalitat, Alberto Fabra, ha realizado estas declaraciones tras una encuentro con alcaldes de los municipios afectados por el incendio de Andilla, donde ha indicado que \u201cse han incrementado los medios terrestres <a class=\"mh-excerpt-more\" href=\"https:\/\/www.tucomarca.com\/wordpress\/segunda\/fabra-pone-%c2%abtoda-la-administracion-al-servicio-de-los-municipios%c2%bb-y-agradece-%c2%abla-excelente-labor-que-estan-realizando-profesionales-y-voluntarios%c2%bb\/\" title=\"Fabra pone \u00abtoda la Administraci\u00f3n al servicio de los municipios\u00bb y agradece \u00abla excelente labor que est\u00e1n realizando profesionales y voluntarios\u00bb\">[+] <\/a><\/div>\n","protected":false},"author":1,"featured_media":4651,"comment_status":"open","ping_status":"open","sticky":false,"template":"","format":"standard","meta":{"footnotes":""},"categories":[191,46,176,8,47,59,179,3,116,45,171],"tags":[],"class_list":{"0":"post-4650","1":"post","2":"type-post","3":"status-publish","4":"format-standard","5":"has-post-thumbnail","7":"category-andilla","8":"category-camp-de-turia","9":"category-gatova","10":"category-la-comarca","11":"category-lliria","12":"category-los-serranos","13":"category-marines","14":"category-seccion","15":"category-sucesos-la-comarca","16":"category-ventana","17":"category-villar-del-arzobispo"},"_links":{"self":[{"href":"https:\/\/www.tucomarca.com\/wordpress\/segunda\/wp-json\/wp\/v2\/posts\/4650","targetHints":{"allow":["GET"]}}],"collection":[{"href":"https:\/\/www.tucomarca.com\/wordpress\/segunda\/wp-json\/wp\/v2\/posts"}],"about":[{"href":"https:\/\/www.tucomarca.com\/wordpress\/segunda\/wp-json\/wp\/v2\/types\/post"}],"author":[{"embeddable":true,"href":"https:\/\/www.tucomarca.com\/wordpress\/segunda\/wp-json\/wp\/v2\/users\/1"}],"replies":[{"embeddable":true,"href":"https:\/\/www.tucomarca.com\/wordpress\/segunda\/wp-json\/wp\/v2\/comments?post=4650"}],"version-history":[{"count":0,"href":"https:\/\/www.tucomarca.com\/wordpress\/segunda\/wp-json\/wp\/v2\/posts\/4650\/revisions"}],"wp:featuredmedia":[{"embeddable":true,"href":"https:\/\/www.tucomarca.com\/wordpress\/segunda\/wp-json\/wp\/v2\/media\/4651"}],"wp:attachment":[{"href":"https:\/\/www.tucomarca.com\/wordpress\/segunda\/wp-json\/wp\/v2\/media?parent=4650"}],"wp:term":[{"taxonomy":"category","embeddable":true,"href":"https:\/\/www.tucomarca.com\/wordpress\/segunda\/wp-json\/wp\/v2\/categories?post=4650"},{"taxonomy":"post_tag","embeddable":true,"href":"https:\/\/www.tucomarca.com\/wordpress\/segunda\/wp-json\/wp\/v2\/tags?post=4650"}],"curies":[{"name":"wp","href":"https:\/\/api.w.org\/{rel}","templated":true}]}}