{"id":4656,"date":"2012-06-30T21:03:51","date_gmt":"2012-06-30T19:03:51","guid":{"rendered":"http:\/\/www.tucomarca.com\/wordpress\/segunda\/?p=4656"},"modified":"2012-06-30T21:04:12","modified_gmt":"2012-06-30T19:04:12","slug":"un-millar-de-efectivos-trabajaran-toda-la-noche-para-intentar-frenar-el-avance-del-incendio-de-cortes","status":"publish","type":"post","link":"https:\/\/www.tucomarca.com\/wordpress\/segunda\/un-millar-de-efectivos-trabajaran-toda-la-noche-para-intentar-frenar-el-avance-del-incendio-de-cortes\/","title":{"rendered":"Un millar de efectivos trabajar\u00e1n toda la noche para intentar frenar el avance del incendio de Cortes"},"content":{"rendered":"<figure id=\"attachment_4657\" aria-describedby=\"caption-attachment-4657\" style=\"width: 300px\" class=\"wp-caption alignleft\"><a href=\"https:\/\/www.tucomarca.com\/wordpress\/segunda\/wp-content\/uploads\/2012\/06\/alcaldesyatova.jpg\"><img loading=\"lazy\" decoding=\"async\" class=\"size-medium wp-image-4657\" title=\"alcaldesyatova\" src=\"https:\/\/www.tucomarca.com\/wordpress\/segunda\/wp-content\/uploads\/2012\/06\/alcaldesyatova-300x194.jpg\" alt=\"El President ha saludado a los alcaldes de los municipios afectados.\" width=\"300\" height=\"194\" srcset=\"https:\/\/www.tucomarca.com\/wordpress\/segunda\/wp-content\/uploads\/2012\/06\/alcaldesyatova-300x194.jpg 300w, https:\/\/www.tucomarca.com\/wordpress\/segunda\/wp-content\/uploads\/2012\/06\/alcaldesyatova-1024x665.jpg 1024w, https:\/\/www.tucomarca.com\/wordpress\/segunda\/wp-content\/uploads\/2012\/06\/alcaldesyatova.jpg 1574w\" sizes=\"auto, (max-width: 300px) 100vw, 300px\" \/><\/a><figcaption id=\"caption-attachment-4657\" class=\"wp-caption-text\">El President ha saludado a los alcaldes de los municipios afectados.<\/figcaption><\/figure>\n<p>El President de la Generalitat Valenciana, Alberto Fabra, ha mantenido una nueva reuni\u00f3n pasadas las ocho de esta tarde en el Puesto de Mando Avanzado del Parque de Emergencias de Y\u00e1tova, con alcaldes de los municipios afectados por el incendio de Cortes de Pall\u00e1s as\u00ed como con los efectivos que trabajan en la extinci\u00f3n del incendio.<\/p>\n<p>Ha sido all\u00ed donde ha confirmado a los m\u00e1ximos responsables de cada una de las localidades afectadas que un millar de efectivos terrestres continuar\u00e1n trabajando durante toda la noche para tratar de frenar el avance del incendio.<\/p>\n<p>De la reuni\u00f3n, lo que tambien ha trascendido es la predisposici\u00f3n del Consell para aportar todos los medios que sean necesarios, \u00abya que lo m\u00e1s importante para las Administraciones, tanto la del Estado como  las provinciales y locales es poner toda la ayuda y colaboraci\u00f3n  posible para las personas que tienen que ser evacuadas o que ya lo han  sido\u00bb.<\/p>\n<p>El President no ha ocultado que \u00ablas condiciones climatol\u00f3gicas no est\u00e1n ayudando\u00bb a la extinci\u00f3n de las llamas, ya que esta tarde el  viento tambi\u00e9n hab\u00eda crecido y eso hace que adem\u00e1s de la  inaccesibilidad de la zona, la fuerza del viento y las temperaturas sea  complicado el poder afrontar la extinci\u00f3n de estos incendios.<\/p>\n","protected":false},"excerpt":{"rendered":"<div class=\"mh-excerpt\">El President de la Generalitat Valenciana, Alberto Fabra, ha mantenido una nueva reuni\u00f3n pasadas las ocho de esta tarde en el Puesto de Mando Avanzado del Parque de Emergencias de Y\u00e1tova, con alcaldes de los <a class=\"mh-excerpt-more\" href=\"https:\/\/www.tucomarca.com\/wordpress\/segunda\/un-millar-de-efectivos-trabajaran-toda-la-noche-para-intentar-frenar-el-avance-del-incendio-de-cortes\/\" title=\"Un millar de efectivos trabajar\u00e1n toda la noche para intentar frenar el avance del incendio de Cortes\">[+] <\/a><\/div>\n","protected":false},"author":1,"featured_media":4657,"comment_status":"open","ping_status":"open","sticky":false,"template":"","format":"standard","meta":{"footnotes":""},"categories":[19,155,15,8,10,42,97,13,162,160,3,116,43,45,11],"tags":[],"class_list":{"0":"post-4656","1":"post","2":"type-post","3":"status-publish","4":"format-standard","5":"has-post-thumbnail","7":"category-alborache","8":"category-catadau","9":"category-dos-aguas","10":"category-la-comarca","11":"category-la-hoya","12":"category-la-ribera","13":"category-llombai","14":"category-macastre","15":"category-monserrat","16":"category-montroi","17":"category-seccion","18":"category-sucesos-la-comarca","19":"category-turis","20":"category-ventana","21":"category-yatova"},"_links":{"self":[{"href":"https:\/\/www.tucomarca.com\/wordpress\/segunda\/wp-json\/wp\/v2\/posts\/4656","targetHints":{"allow":["GET"]}}],"collection":[{"href":"https:\/\/www.tucomarca.com\/wordpress\/segunda\/wp-json\/wp\/v2\/posts"}],"about":[{"href":"https:\/\/www.tucomarca.com\/wordpress\/segunda\/wp-json\/wp\/v2\/types\/post"}],"author":[{"embeddable":true,"href":"https:\/\/www.tucomarca.com\/wordpress\/segunda\/wp-json\/wp\/v2\/users\/1"}],"replies":[{"embeddable":true,"href":"https:\/\/www.tucomarca.com\/wordpress\/segunda\/wp-json\/wp\/v2\/comments?post=4656"}],"version-history":[{"count":0,"href":"https:\/\/www.tucomarca.com\/wordpress\/segunda\/wp-json\/wp\/v2\/posts\/4656\/revisions"}],"wp:featuredmedia":[{"embeddable":true,"href":"https:\/\/www.tucomarca.com\/wordpress\/segunda\/wp-json\/wp\/v2\/media\/4657"}],"wp:attachment":[{"href":"https:\/\/www.tucomarca.com\/wordpress\/segunda\/wp-json\/wp\/v2\/media?parent=4656"}],"wp:term":[{"taxonomy":"category","embeddable":true,"href":"https:\/\/www.tucomarca.com\/wordpress\/segunda\/wp-json\/wp\/v2\/categories?post=4656"},{"taxonomy":"post_tag","embeddable":true,"href":"https:\/\/www.tucomarca.com\/wordpress\/segunda\/wp-json\/wp\/v2\/tags?post=4656"}],"curies":[{"name":"wp","href":"https:\/\/api.w.org\/{rel}","templated":true}]}}