{"id":4662,"date":"2012-06-30T22:07:55","date_gmt":"2012-06-30T20:07:55","guid":{"rendered":"http:\/\/www.tucomarca.com\/wordpress\/segunda\/?p=4662"},"modified":"2012-06-30T22:07:55","modified_gmt":"2012-06-30T20:07:55","slug":"las-localidades-afectadas-por-el-incendio-de-cortes-afrontan-la-noche-con-%c2%abmoderado-optimismo%c2%bb","status":"publish","type":"post","link":"https:\/\/www.tucomarca.com\/wordpress\/segunda\/las-localidades-afectadas-por-el-incendio-de-cortes-afrontan-la-noche-con-%c2%abmoderado-optimismo%c2%bb\/","title":{"rendered":"Las localidades afectadas por el incendio de Cortes afrontan la noche con \u00abmoderado optimismo\u00bb"},"content":{"rendered":"<figure id=\"attachment_4671\" aria-describedby=\"caption-attachment-4671\" style=\"width: 640px\" class=\"wp-caption aligncenter\"><a href=\"https:\/\/www.tucomarca.com\/wordpress\/segunda\/wp-content\/uploads\/2012\/06\/macastre4.jpg\"><img loading=\"lazy\" decoding=\"async\" class=\"size-full wp-image-4671\" title=\"macastre4\" src=\"https:\/\/www.tucomarca.com\/wordpress\/segunda\/wp-content\/uploads\/2012\/06\/macastre4.jpg\" alt=\"Los efectivos de la UME desplazados a la zona del incendio en Macastre.\" width=\"640\" height=\"480\" srcset=\"https:\/\/www.tucomarca.com\/wordpress\/segunda\/wp-content\/uploads\/2012\/06\/macastre4.jpg 640w, https:\/\/www.tucomarca.com\/wordpress\/segunda\/wp-content\/uploads\/2012\/06\/macastre4-300x225.jpg 300w\" sizes=\"auto, (max-width: 640px) 100vw, 640px\" \/><\/a><figcaption id=\"caption-attachment-4671\" class=\"wp-caption-text\">Los efectivos de la UME desplazados a la zona del incendio en Macastre.<\/figcaption><\/figure>\n<p>Las localidades de La Hoya afectadas por el incendio de Cortes de Pall\u00e1s \u2014fundamentalmente Dos Aguas, Y\u00e1tova, Cortes, Alborache y Macastre\u2014 afrontan la noche \u00abcon moderado optimismo\u00bb, tal como ha confesado la alcaldesa de Macastre, Mar\u00eda Jos\u00e9 Casero,\u00a0 quien ha atribu\u00eddo \u00abal cambio en las condiciones climatol\u00f3gicas que se ha producido en las \u00faltimas horas\u00bb uno de los principales motivos para el \u00abmoderado optimismo\u00bb.<\/p>\n<p>La alcaldesa ha explicado que el cambio del viento de Poniente al de Levante \u00abno s\u00f3lo ha producido una mejora de las condiciones para afrontar la extinci\u00f3n de las llamas, sino que tambi\u00e9n va a contribuir la bajada de la temperatura durante la noche as\u00ed como la relativa humedad que va aparejada al viento de Levante; un viento que por supuesto no va a soplar con rachas de 40 o 50 kil\u00f3metros por hora que es lo que hemos tenido durante todo el d\u00eda y que ha perjudicado mucho a las labores de extinci\u00f3n\u00bb.<\/p>\n<p>A esta \u00abmoderada optimista\u00bb nueva situaci\u00f3n tambi\u00e9n se suma el hecho de que ser\u00e1n \u00abun total de 1.100 los efectivos terrestres que no dejar\u00e1n de trabajar durante toda la noche para evitar que el fuego se extienda tanto en la zona del Motrot\u00f3n como en las inmediaciones de la Sierra de Mart\u00e9s, donde se encuentra localizada una de las dos partes del frente que ahora tiene el incendio y sobre las que se va a estar actuando toda la noche\u00bb.<\/p>\n<p>La alcaldesa de Macastre tambi\u00e9n ha remarcado que \u00abni esta poblaci\u00f3n ni la vecina de Y\u00e1tova corren el riesgo de verse afectadas por las llamas durante la noche\u00bb y ha cifrado en un total de \u00ab30 autobombas, 10 nodrizas y 10 secciones, o lo que es lo mismo 100 personas\u00bb, las unidades militares de la UME que han estado trabajando durante toda la jornada del s\u00e1bado en la zona. Unas unidades que \u00abcon la llegada del amanecer se sumar\u00e1n otras 12 autobombas, 4 nodrizas y 100 militares m\u00e1s\u00bb, en palabras de Mar\u00eda Jos\u00e9 Casero.<\/p>\n<p><strong>1.800 efectivos terrestres y 35 medios a\u00e9reos<\/strong><\/p>\n<p>Tal como ha podido conocer <strong>tucomarca.com<\/strong> de fuentes pr\u00f3ximas al Centro de Coordinaci\u00f3n de Emergencias, en las labores de extinci\u00f3n, tanto del incendio de Cortes como en el iniciado el viernes en Andilla, est\u00e1 previsto que se sumen ma\u00f1ana domingo un total de 1.800 efectivos terrestres as\u00ed como un total de 35 medios a\u00e9reos, algunos de los cuales ser\u00e1n aportados por siete Comunidades Aut\u00f3nomas de nuestro pa\u00eds.<\/p>\n<p><strong>150 kil\u00f3emtros de per\u00edmetro<\/strong><\/p>\n<p>A estas horas, el incendio originado en Cortes de Pallas cuenta con un  per\u00edmetro de 150 kil\u00f3metros y, a falta de una estimaci\u00f3n oficial de la  superficie arrasada, \u00e9sta podr\u00eda superar ya las 30.000 hect\u00e1reas.<\/p>\n<p>Respecto a la cabeza del frente del incendio de Cortes, a estas horas los focos m\u00e1s virulentos se encuentran en los t\u00e9rminos muncipales de Carlet y Tous, al que tambi\u00e9n ya ha afectado. Es en esa zona donde las llamas parecen tener m\u00e1s virulencia y donde se espera que la lucha contra el fuego sea, quiz\u00e1s, un tanto m\u00e1s complicada que en la zona de Sierra Mart\u00e9s y el Motrot\u00f3n, donde la situaci\u00f3n parece haber mejorado en las \u00faltimas horas.<\/p>\n<p>En la cola del incendio, los t\u00e9rminos municipales que que todav\u00eda siguen afectados son los de Alborache, Cortes de Pall\u00e1s, Dos Aguas, Macastre y Yatova; mientras que en la cabeza del frente lo son Montroy, Real de Montroy, Tur\u00eds, Tous, Llombai, Catadau y Carlet.<\/p>\n<p>Los alcaldes de todos esos municipios han estado presentes en la reuni\u00f3n desarrollada en el Centro de Emergencias de Y\u00e1tovacon el President de la Generalitat, Alberto Fabra, durante la tarde de hoy.<\/p>\n","protected":false},"excerpt":{"rendered":"<div class=\"mh-excerpt\">Las localidades de La Hoya afectadas por el incendio de Cortes de Pall\u00e1s \u2014fundamentalmente Dos Aguas, Y\u00e1tova, Cortes, Alborache y Macastre\u2014 afrontan la noche \u00abcon moderado optimismo\u00bb, tal como ha confesado la alcaldesa de Macastre, <a class=\"mh-excerpt-more\" href=\"https:\/\/www.tucomarca.com\/wordpress\/segunda\/las-localidades-afectadas-por-el-incendio-de-cortes-afrontan-la-noche-con-%c2%abmoderado-optimismo%c2%bb\/\" title=\"Las localidades afectadas por el incendio de Cortes afrontan la noche con \u00abmoderado optimismo\u00bb\">[+] <\/a><\/div>\n","protected":false},"author":1,"featured_media":4671,"comment_status":"open","ping_status":"open","sticky":false,"template":"","format":"standard","meta":{"footnotes":""},"categories":[19,38,155,40,15,8,10,42,97,13,160,161,3,116,159,43,45,11],"tags":[],"class_list":{"0":"post-4662","1":"post","2":"type-post","3":"status-publish","4":"format-standard","5":"has-post-thumbnail","7":"category-alborache","8":"category-ayora-cofrentes","9":"category-catadau","10":"category-cortes-de-pallas","11":"category-dos-aguas","12":"category-la-comarca","13":"category-la-hoya","14":"category-la-ribera","15":"category-llombai","16":"category-macastre","17":"category-montroi","18":"category-real-de-montroi","19":"category-seccion","20":"category-sucesos-la-comarca","21":"category-tous","22":"category-turis","23":"category-ventana","24":"category-yatova"},"_links":{"self":[{"href":"https:\/\/www.tucomarca.com\/wordpress\/segunda\/wp-json\/wp\/v2\/posts\/4662","targetHints":{"allow":["GET"]}}],"collection":[{"href":"https:\/\/www.tucomarca.com\/wordpress\/segunda\/wp-json\/wp\/v2\/posts"}],"about":[{"href":"https:\/\/www.tucomarca.com\/wordpress\/segunda\/wp-json\/wp\/v2\/types\/post"}],"author":[{"embeddable":true,"href":"https:\/\/www.tucomarca.com\/wordpress\/segunda\/wp-json\/wp\/v2\/users\/1"}],"replies":[{"embeddable":true,"href":"https:\/\/www.tucomarca.com\/wordpress\/segunda\/wp-json\/wp\/v2\/comments?post=4662"}],"version-history":[{"count":0,"href":"https:\/\/www.tucomarca.com\/wordpress\/segunda\/wp-json\/wp\/v2\/posts\/4662\/revisions"}],"wp:featuredmedia":[{"embeddable":true,"href":"https:\/\/www.tucomarca.com\/wordpress\/segunda\/wp-json\/wp\/v2\/media\/4671"}],"wp:attachment":[{"href":"https:\/\/www.tucomarca.com\/wordpress\/segunda\/wp-json\/wp\/v2\/media?parent=4662"}],"wp:term":[{"taxonomy":"category","embeddable":true,"href":"https:\/\/www.tucomarca.com\/wordpress\/segunda\/wp-json\/wp\/v2\/categories?post=4662"},{"taxonomy":"post_tag","embeddable":true,"href":"https:\/\/www.tucomarca.com\/wordpress\/segunda\/wp-json\/wp\/v2\/tags?post=4662"}],"curies":[{"name":"wp","href":"https:\/\/api.w.org\/{rel}","templated":true}]}}