{"id":46953,"date":"2016-06-03T16:58:17","date_gmt":"2016-06-03T13:58:17","guid":{"rendered":"http:\/\/www.tucomarca.com\/wordpress\/segunda\/?p=46953"},"modified":"2016-06-03T16:58:17","modified_gmt":"2016-06-03T13:58:17","slug":"ava-asaja-experimenta-en-mas-de-20-cutivos-agricolas-en-su-finca-sinyent","status":"publish","type":"post","link":"https:\/\/www.tucomarca.com\/wordpress\/segunda\/ava-asaja-experimenta-en-mas-de-20-cutivos-agricolas-en-su-finca-sinyent\/","title":{"rendered":"AVA-Asaja experimenta en m\u00e1s de 20 cutivos agr\u00edcolas en su finca Sinyent"},"content":{"rendered":"<figure id=\"attachment_46954\" aria-describedby=\"caption-attachment-46954\" style=\"width: 280px\" class=\"wp-caption alignleft\"><a href=\"https:\/\/www.tucomarca.com\/wordpress\/segunda\/wp-content\/uploads\/2016\/06\/Imagen4.jpg\"><img loading=\"lazy\" decoding=\"async\" class=\"size-medium wp-image-46954\" title=\"Imagen4\" src=\"https:\/\/www.tucomarca.com\/wordpress\/segunda\/wp-content\/uploads\/2016\/06\/Imagen4-280x300.jpg\" alt=\"Uno de los cultuvos objeto de estudio por AVA-Asaja. Foto: Luis Ib\u00e1\u00f1ez.\" width=\"280\" height=\"300\" srcset=\"https:\/\/www.tucomarca.com\/wordpress\/segunda\/wp-content\/uploads\/2016\/06\/Imagen4-280x300.jpg 280w, https:\/\/www.tucomarca.com\/wordpress\/segunda\/wp-content\/uploads\/2016\/06\/Imagen4.jpg 658w\" sizes=\"auto, (max-width: 280px) 100vw, 280px\" \/><\/a><figcaption id=\"caption-attachment-46954\" class=\"wp-caption-text\">Uno de los cultuvos objeto de estudio por AVA-Asaja. Foto: Luis Ib\u00e1\u00f1ez.<\/figcaption><\/figure>\n<p>La organizaci\u00f3n agraria AVA-Asaja cuenta en la poblaci\u00f3n de Poliny\u00e0 del X\u00faquer con la finca Sinyent que ocupa una extensi\u00f3n de 25 hect\u00e1reas,\u00a0 en la que se realizan ensayos en m\u00e1s de 20 cultivos agr\u00edcolas. Entre ellos : c\u00edtricos, caquis, olivos almendros, nogales, algarrobos, uva de mesa, uva de vinificaci\u00f3n, Kiwuis, horticolas, arroz,\u00a0 cultivos energ\u00e9ticos y silvicultura.<\/p>\n<p>La finca fue visitada el pasado jueves por un nutrido grupo de periodistas. Una parte de ellos vinieron desde Madrid. Estos representantes de numerosos medios de comunicaci\u00f3n realizaron un recorrido por la finca y pudiron comprobar los ensayos que se realizan en casi 500 especies entre \u00e1rboles y plantas.<\/p>\n<p>Sobre el mencionado proyecto el presidente de AVA-ASAJA,\u00a0 Crist\u00f3bal Aguado ha manifestado que \u00abse trata de un ejemplo de \u00abinvestigaci\u00f3n de proximidad\u00bb, sin apenas precedentes en la agricultura espa\u00f1ola, pensado, concebido y dise\u00f1ado para realizar ensayos y transferir tecnolog\u00eda de manera \u00e1gil y eficaz a los asociados de la organizaci\u00f3n, lo que les permite dotarles de herramientas esenciales para afrontar los retos de futuro\u00bb.<\/p>\n<p>En el caso concreto de la investigaci\u00f3n con productos fitosanitarios AVA-ASAJA ha suscrito un convenio de colaboraci\u00f3n con la Asociaci\u00f3n Empresarial para la Protecci\u00f3n de las Plantas (AEPLA). Informa,\u00a0<strong>Luis Ib\u00e1\u00f1ez<\/strong>.<\/p>\n","protected":false},"excerpt":{"rendered":"<div class=\"mh-excerpt\">La organizaci\u00f3n agraria AVA-Asaja cuenta en la poblaci\u00f3n de Poliny\u00e0 del X\u00faquer con la finca Sinyent que ocupa una extensi\u00f3n de 25 hect\u00e1reas,\u00a0 en la que se realizan ensayos en m\u00e1s de 20 cultivos agr\u00edcolas. <a class=\"mh-excerpt-more\" href=\"https:\/\/www.tucomarca.com\/wordpress\/segunda\/ava-asaja-experimenta-en-mas-de-20-cutivos-agricolas-en-su-finca-sinyent\/\" title=\"AVA-Asaja experimenta en m\u00e1s de 20 cutivos agr\u00edcolas en su finca Sinyent\">[+] <\/a><\/div>\n","protected":false},"author":1,"featured_media":46954,"comment_status":"open","ping_status":"open","sticky":false,"template":"","format":"standard","meta":{"footnotes":""},"categories":[169,8,117,28,27,3,29],"tags":[],"class_list":{"0":"post-46953","1":"post","2":"type-post","3":"status-publish","4":"format-standard","5":"has-post-thumbnail","7":"category-agricultura-la-comarca","8":"category-la-comarca","9":"category-medio-ambiente-la-comarca","10":"category-requena","11":"category-requena-utiel","12":"category-seccion","13":"category-utiel"},"_links":{"self":[{"href":"https:\/\/www.tucomarca.com\/wordpress\/segunda\/wp-json\/wp\/v2\/posts\/46953","targetHints":{"allow":["GET"]}}],"collection":[{"href":"https:\/\/www.tucomarca.com\/wordpress\/segunda\/wp-json\/wp\/v2\/posts"}],"about":[{"href":"https:\/\/www.tucomarca.com\/wordpress\/segunda\/wp-json\/wp\/v2\/types\/post"}],"author":[{"embeddable":true,"href":"https:\/\/www.tucomarca.com\/wordpress\/segunda\/wp-json\/wp\/v2\/users\/1"}],"replies":[{"embeddable":true,"href":"https:\/\/www.tucomarca.com\/wordpress\/segunda\/wp-json\/wp\/v2\/comments?post=46953"}],"version-history":[{"count":0,"href":"https:\/\/www.tucomarca.com\/wordpress\/segunda\/wp-json\/wp\/v2\/posts\/46953\/revisions"}],"wp:featuredmedia":[{"embeddable":true,"href":"https:\/\/www.tucomarca.com\/wordpress\/segunda\/wp-json\/wp\/v2\/media\/46954"}],"wp:attachment":[{"href":"https:\/\/www.tucomarca.com\/wordpress\/segunda\/wp-json\/wp\/v2\/media?parent=46953"}],"wp:term":[{"taxonomy":"category","embeddable":true,"href":"https:\/\/www.tucomarca.com\/wordpress\/segunda\/wp-json\/wp\/v2\/categories?post=46953"},{"taxonomy":"post_tag","embeddable":true,"href":"https:\/\/www.tucomarca.com\/wordpress\/segunda\/wp-json\/wp\/v2\/tags?post=46953"}],"curies":[{"name":"wp","href":"https:\/\/api.w.org\/{rel}","templated":true}]}}