{"id":46956,"date":"2016-06-03T16:56:06","date_gmt":"2016-06-03T13:56:06","guid":{"rendered":"http:\/\/www.tucomarca.com\/wordpress\/segunda\/?p=46956"},"modified":"2016-06-03T16:56:06","modified_gmt":"2016-06-03T13:56:06","slug":"la-sociedad-musical-santa-cecilia-de-chera-celebra-este-verano-su-curso-de-direccion","status":"publish","type":"post","link":"https:\/\/www.tucomarca.com\/wordpress\/segunda\/la-sociedad-musical-santa-cecilia-de-chera-celebra-este-verano-su-curso-de-direccion\/","title":{"rendered":"La Sociedad Musical Santa Cecilia de Chera celebra este verano su curso de direcci\u00f3n"},"content":{"rendered":"<figure id=\"attachment_46957\" aria-describedby=\"caption-attachment-46957\" style=\"width: 226px\" class=\"wp-caption alignleft\"><a href=\"https:\/\/www.tucomarca.com\/wordpress\/segunda\/wp-content\/uploads\/2016\/06\/Chera.jpg\"><img loading=\"lazy\" decoding=\"async\" class=\"size-medium wp-image-46957\" title=\"Chera\" src=\"https:\/\/www.tucomarca.com\/wordpress\/segunda\/wp-content\/uploads\/2016\/06\/Chera-226x300.jpg\" alt=\"Cartel del curso de la banda de Chera.\" width=\"226\" height=\"300\" srcset=\"https:\/\/www.tucomarca.com\/wordpress\/segunda\/wp-content\/uploads\/2016\/06\/Chera-226x300.jpg 226w, https:\/\/www.tucomarca.com\/wordpress\/segunda\/wp-content\/uploads\/2016\/06\/Chera.jpg 508w\" sizes=\"auto, (max-width: 226px) 100vw, 226px\" \/><\/a><figcaption id=\"caption-attachment-46957\" class=\"wp-caption-text\">Cartel del curso de la banda de Chera.<\/figcaption><\/figure>\n<p>La Sociedad Musical Santa Cecilia de Chera organizar\u00e1 este verano el I Curso de\u00a0Direcci\u00f3n Musical. Concretamente, comenzar\u00e1 el 27 de julio y se prolongar\u00e1 hasta el 31\u00a0del mismo mes, d\u00eda en el que se ofrecer\u00e1 un concierto de clausura a los vecinos de Chera\u00a0de la banda de m\u00fasica de Chera y que estar\u00e1 dirigido por alumnos de este curso.<\/p>\n<p>Este evento se dirige tanto a profesionales como estudiantes o interesados en\u00a0direcci\u00f3n musical y estar\u00e1 impartido por el maestro cubano Norman Milan\u00e9s y su asistente\u00a0Javier Fern\u00e1ndez. Entre los contenidos que se impartir\u00e1n en este curso est\u00e1n la t\u00e9cnica\u00a0de direcci\u00f3n quiron\u00f3mica, conocimientos sobre la figura del director o el an\u00e1lisis sobre\u00a0todo lo que debe saber el director sobre la obra antes de comenzar un ensayo, adem\u00e1s\u00a0de aplicar a las obras la t\u00e9cnica de direcci\u00f3n y an\u00e1lisis musical.<\/p>\n<p>Quienes est\u00e9n interesados en inscribirse o recibir m\u00e1s informaci\u00f3n sobre el curso,\u00a0los contenidos o resolver dudas, pueden contactar con Javier al tel\u00e9fono 647129695 o\u00a0con Santi al 687761667 o al email director@santaceciliadechera.es.<\/p>\n<p>Norman Milan\u00e9s Moreno nace en Jiguan\u00ed, Cuba, donde cursa estudios primarios\u00a0de m\u00fasica con su padre Miguel Milan\u00e9s. Se grad\u00faa en piano, solfeo y teor\u00eda en el\u00a0Conservatorio Provincial de Oriente. Adem\u00e1s, estudia armon\u00eda, composici\u00f3n y direcci\u00f3n.\u00a0Ha sido director de La Banda Nacional de Conciertos de La Habana y ha dirigido en\u00a0pa\u00edses como Costa Rica, Nicaragua, Argelia, Alemania, Polonia, Bulgaria, Rusia y\u00a0Espa\u00f1a.<\/p>\n<p>Tambi\u00e9n ha realizado conciertos con la Orquesta Sinf\u00f3nica de Bogot\u00e1 y Medell\u00edn,\u00a0en Colombia. En Cuba ha dirigido las Orquestas Sinf\u00f3nicas de Cuba, Matanzas, Santa\u00a0Clara, Camaguey y Oriente. Entre las numerosas distinciones que ostenta se encuentra la\u00a0r\u00e9plica de la \u00abBatuta del Maestro Guillermo Tom\u00e1s\u00bb que otorga la Banda Nacional de\u00a0Conciertos de La Habana. Recientemente fue Miembro del Jurado en el Concurso\u00a0Nacional de J\u00f3venes Int\u00e9rpretes de Espa\u00f1a y de los Cert\u00e1menes Provinciales de Bandas\u00a0de Murcia. Ha actuado como Director Invitado en numerosas bandas de la Vall d&#8217;Albaida y\u00a0actualmente es Director Honor\u00edfico de la Banda de la Asociaci\u00f3n Uni\u00f3n Musical de\u00a0Bocairent.<\/p>\n","protected":false},"excerpt":{"rendered":"<div class=\"mh-excerpt\">La Sociedad Musical Santa Cecilia de Chera organizar\u00e1 este verano el I Curso de\u00a0Direcci\u00f3n Musical. Concretamente, comenzar\u00e1 el 27 de julio y se prolongar\u00e1 hasta el 31\u00a0del mismo mes, d\u00eda en el que se ofrecer\u00e1 <a class=\"mh-excerpt-more\" href=\"https:\/\/www.tucomarca.com\/wordpress\/segunda\/la-sociedad-musical-santa-cecilia-de-chera-celebra-este-verano-su-curso-de-direccion\/\" title=\"La Sociedad Musical Santa Cecilia de Chera celebra este verano su curso de direcci\u00f3n\">[+] <\/a><\/div>\n","protected":false},"author":1,"featured_media":46957,"comment_status":"open","ping_status":"open","sticky":false,"template":"","format":"standard","meta":{"footnotes":""},"categories":[66,186,59,7,3],"tags":[],"class_list":{"0":"post-46956","1":"post","2":"type-post","3":"status-publish","4":"format-standard","5":"has-post-thumbnail","7":"category-musica","8":"category-chera-los-serranos","9":"category-los-serranos","10":"category-ocio-y-cultura","11":"category-seccion"},"_links":{"self":[{"href":"https:\/\/www.tucomarca.com\/wordpress\/segunda\/wp-json\/wp\/v2\/posts\/46956","targetHints":{"allow":["GET"]}}],"collection":[{"href":"https:\/\/www.tucomarca.com\/wordpress\/segunda\/wp-json\/wp\/v2\/posts"}],"about":[{"href":"https:\/\/www.tucomarca.com\/wordpress\/segunda\/wp-json\/wp\/v2\/types\/post"}],"author":[{"embeddable":true,"href":"https:\/\/www.tucomarca.com\/wordpress\/segunda\/wp-json\/wp\/v2\/users\/1"}],"replies":[{"embeddable":true,"href":"https:\/\/www.tucomarca.com\/wordpress\/segunda\/wp-json\/wp\/v2\/comments?post=46956"}],"version-history":[{"count":0,"href":"https:\/\/www.tucomarca.com\/wordpress\/segunda\/wp-json\/wp\/v2\/posts\/46956\/revisions"}],"wp:featuredmedia":[{"embeddable":true,"href":"https:\/\/www.tucomarca.com\/wordpress\/segunda\/wp-json\/wp\/v2\/media\/46957"}],"wp:attachment":[{"href":"https:\/\/www.tucomarca.com\/wordpress\/segunda\/wp-json\/wp\/v2\/media?parent=46956"}],"wp:term":[{"taxonomy":"category","embeddable":true,"href":"https:\/\/www.tucomarca.com\/wordpress\/segunda\/wp-json\/wp\/v2\/categories?post=46956"},{"taxonomy":"post_tag","embeddable":true,"href":"https:\/\/www.tucomarca.com\/wordpress\/segunda\/wp-json\/wp\/v2\/tags?post=46956"}],"curies":[{"name":"wp","href":"https:\/\/api.w.org\/{rel}","templated":true}]}}