{"id":46966,"date":"2016-06-03T17:05:03","date_gmt":"2016-06-03T14:05:03","guid":{"rendered":"http:\/\/www.tucomarca.com\/wordpress\/segunda\/?p=46966"},"modified":"2016-06-03T17:05:03","modified_gmt":"2016-06-03T14:05:03","slug":"la-policia-local-de-turis-detiene-a-un-individuo-con-110-gramos-de-hachis","status":"publish","type":"post","link":"https:\/\/www.tucomarca.com\/wordpress\/segunda\/la-policia-local-de-turis-detiene-a-un-individuo-con-110-gramos-de-hachis\/","title":{"rendered":"La Polic\u00eda Local de Tur\u00eds detiene a un individuo con 110 gramos de hach\u00eds"},"content":{"rendered":"<figure id=\"attachment_46967\" aria-describedby=\"caption-attachment-46967\" style=\"width: 300px\" class=\"wp-caption alignleft\"><a href=\"https:\/\/www.tucomarca.com\/wordpress\/segunda\/wp-content\/uploads\/2016\/06\/hachis.jpg\"><img loading=\"lazy\" decoding=\"async\" class=\"size-medium wp-image-46967\" title=\"hachis\" src=\"https:\/\/www.tucomarca.com\/wordpress\/segunda\/wp-content\/uploads\/2016\/06\/hachis-300x225.jpg\" alt=\"Hachis incautada por la polic\u00eda en Tur\u00eds.\" width=\"300\" height=\"225\" srcset=\"https:\/\/www.tucomarca.com\/wordpress\/segunda\/wp-content\/uploads\/2016\/06\/hachis-300x225.jpg 300w, https:\/\/www.tucomarca.com\/wordpress\/segunda\/wp-content\/uploads\/2016\/06\/hachis-1024x768.jpg 1024w, https:\/\/www.tucomarca.com\/wordpress\/segunda\/wp-content\/uploads\/2016\/06\/hachis.jpg 1600w\" sizes=\"auto, (max-width: 300px) 100vw, 300px\" \/><\/a><figcaption id=\"caption-attachment-46967\" class=\"wp-caption-text\">Hachis incautada por la polic\u00eda en Tur\u00eds.<\/figcaption><\/figure>\n<p>La Policia Local de Tur\u00eds ha detenido a una persona de la localidad de unos 55 a\u00f1os por un presunto delito contra la salud p\u00fablica al incautarle una pieza de hach\u00eds de 110 gramos.<\/p>\n<p>La detenci\u00f3n se ha producido durante un control rutinario efectuado en la urbanizaci\u00f3n Altury incluido en el Plan de Seguridad Ciudadana puesto en marcha por el Ayuntamiento.<\/p>\n<p>Los hechos se produjeron hace dos noches cuando la patrulla dio el alto al mencionado individuo \u201cque mostr\u00f3 actitud nerviosa y vacilante\u201d, seg\u00fan explican fuentes policiales. Al inspeccionar el veh\u00edculo se localiz\u00f3 una pieza de hac\u00eds de unos 110 gramos motivo por el que se procedi\u00f3 a su detenci\u00f3n y puesta a disposici\u00f3n del juzgado de Requena.<\/p>\n<p>Por otro lado, la Polic\u00eda Local de Tur\u00eds ha iniciado el control preventivo de drogas y alcohol en la conducci\u00f3n de manera sistem\u00e1tica. Este plan es fruto de la firma de diversos acuerdos bilaterales entre la Concejal\u00eda de Seguridad Ciudadana y la Jefatura Policial de Tr\u00e1fico, que est\u00e1 dotando a los agentes de los medios para efectuar los controles.<\/p>\n<p>Eugenio Forta\u00f1a, alcalde y titular de la concejal\u00eda, ha destacado la importancia de estos controles. \u201cEl equipo de gobierno ha apostado decididamente por este plan encaminado a prevenir posibles accidentes y aumentar la seguridad vial en nuestro t\u00e9rmino municipal. Adem\u00e1s Tur\u00eds es una de las localidades pioneras en la comarca en implantar este modelo de seguridad vial\u201d.<\/p>\n<p>&nbsp;<\/p>\n","protected":false},"excerpt":{"rendered":"<div class=\"mh-excerpt\">La Policia Local de Tur\u00eds ha detenido a una persona de la localidad de unos 55 a\u00f1os por un presunto delito contra la salud p\u00fablica al incautarle una pieza de hach\u00eds de 110 gramos. La <a class=\"mh-excerpt-more\" href=\"https:\/\/www.tucomarca.com\/wordpress\/segunda\/la-policia-local-de-turis-detiene-a-un-individuo-con-110-gramos-de-hachis\/\" title=\"La Polic\u00eda Local de Tur\u00eds detiene a un individuo con 110 gramos de hach\u00eds\">[+] <\/a><\/div>\n","protected":false},"author":1,"featured_media":46967,"comment_status":"open","ping_status":"open","sticky":false,"template":"","format":"standard","meta":{"footnotes":""},"categories":[8,42,3,116,43],"tags":[],"class_list":{"0":"post-46966","1":"post","2":"type-post","3":"status-publish","4":"format-standard","5":"has-post-thumbnail","7":"category-la-comarca","8":"category-la-ribera","9":"category-seccion","10":"category-sucesos-la-comarca","11":"category-turis"},"_links":{"self":[{"href":"https:\/\/www.tucomarca.com\/wordpress\/segunda\/wp-json\/wp\/v2\/posts\/46966","targetHints":{"allow":["GET"]}}],"collection":[{"href":"https:\/\/www.tucomarca.com\/wordpress\/segunda\/wp-json\/wp\/v2\/posts"}],"about":[{"href":"https:\/\/www.tucomarca.com\/wordpress\/segunda\/wp-json\/wp\/v2\/types\/post"}],"author":[{"embeddable":true,"href":"https:\/\/www.tucomarca.com\/wordpress\/segunda\/wp-json\/wp\/v2\/users\/1"}],"replies":[{"embeddable":true,"href":"https:\/\/www.tucomarca.com\/wordpress\/segunda\/wp-json\/wp\/v2\/comments?post=46966"}],"version-history":[{"count":0,"href":"https:\/\/www.tucomarca.com\/wordpress\/segunda\/wp-json\/wp\/v2\/posts\/46966\/revisions"}],"wp:featuredmedia":[{"embeddable":true,"href":"https:\/\/www.tucomarca.com\/wordpress\/segunda\/wp-json\/wp\/v2\/media\/46967"}],"wp:attachment":[{"href":"https:\/\/www.tucomarca.com\/wordpress\/segunda\/wp-json\/wp\/v2\/media?parent=46966"}],"wp:term":[{"taxonomy":"category","embeddable":true,"href":"https:\/\/www.tucomarca.com\/wordpress\/segunda\/wp-json\/wp\/v2\/categories?post=46966"},{"taxonomy":"post_tag","embeddable":true,"href":"https:\/\/www.tucomarca.com\/wordpress\/segunda\/wp-json\/wp\/v2\/tags?post=46966"}],"curies":[{"name":"wp","href":"https:\/\/api.w.org\/{rel}","templated":true}]}}