{"id":46974,"date":"2016-06-03T17:02:54","date_gmt":"2016-06-03T14:02:54","guid":{"rendered":"http:\/\/www.tucomarca.com\/wordpress\/segunda\/?p=46974"},"modified":"2016-06-03T17:02:54","modified_gmt":"2016-06-03T14:02:54","slug":"el-psoe-acusa-al-pentapartito-del-ayuntamiento-de-chiva-de-ser-un-gobierno-sin-rumbo","status":"publish","type":"post","link":"https:\/\/www.tucomarca.com\/wordpress\/segunda\/el-psoe-acusa-al-pentapartito-del-ayuntamiento-de-chiva-de-ser-un-gobierno-sin-rumbo\/","title":{"rendered":"El PSOE acusa al pentapartito del Ayuntamiento de Chiva de \u00abser un gobierno sin rumbo\u00bb"},"content":{"rendered":"<p>\u00abUna vez m\u00e1s nos encontramos despu\u00e9s del pleno del pasado viernes con la reacci\u00f3n desmedida y sin sentido de un gobierno que va sin rumbo.\u00a0A d\u00eda de hoy y despu\u00e9s de la reacci\u00f3n durante estos d\u00edas en la que no hacen m\u00e1s que decir que todo estaba bien y ahora resulta que no estar\u00eda tan bien cuando el lunes, el alcalde Emilio Morales de Comprom\u00eds ha llamado a la portavoz del PSOE de Chiva para decirle que en un par de d\u00edas tendr\u00eda la documentaci\u00f3n de los dos \u00fanicos puntos solicitados, de los nueve puntos a tratar en el pleno. \u00bfQu\u00e9 les hubiera costado hacer entrega de esta documentaci\u00f3n a su debido tiempo y evitar lo sucedido en el pasado pleno?, le recuerdo que Vd dijo en el pleno que no nos correspond\u00eda, \u00bfahora s\u00ed?\u00bb, han manifestado desde el PSOE de Chiva en un comunicado.<\/p>\n<p>\u00ab\u00bfTendr\u00e1 algo que ver que el alcalde tenga intereses personales en alguno de los puntos? Llama la atenci\u00f3n que el primer asunto urban\u00edstico de cierta importancia en esta legislatura sea la recalificaci\u00f3n de los terrenos donde est\u00e1 ubicada la empresa en la que trabaja, no olvidemos que Emilio Morales es empleado de esta empresa, \u00bfestaremos ante un caso de puertas giratorias?\u00a0Adem\u00e1s, tiene la desfachatez de votar a favor en ese punto en el plenario. No es \u00e9tico se\u00f1or alcalde!, lo sensato es lo que hace la portavoz del Psoe cuando se tratan puntos relacionados con la empresa para la que trabaja y es levantarse y abandonar el plenario y por supuesto, no votar\u00bb, han a\u00f1adido desde el PSPV-PSOE.<\/p>\n<p>\u00abAdem\u00e1s, \u00bfc\u00f3mo se atreve este alcalde Emilio Morales-Comprom\u00eds a pedir la dimisi\u00f3n de los concejales del PSOE cuando \u00e9l est\u00e1 IMPUTADO (ahora investigado) por un delito contra los derechos de los trabajadores y es el primero que deber\u00eda dimitir?. Por aclarar, deber\u00eda dimitir \u00e9l, alg\u00fan concejal de su equipo de gobierno y tambi\u00e9n del anterior.\u00a0Otra cosa que nos tiene preocupados es, \u00bfqu\u00e9 obsesi\u00f3n tiene este alcalde con el PSOE de Chiva? \u00bfA qu\u00e9 le tiene miedo?, es algo que no logramos entender, ya en campa\u00f1a y desde que accedieron al gobierno ha habido un aut\u00e9ntico acoso e intento de derribo hacia este Grupo Municipal y ya est\u00e1 bien, ya est\u00e1 bien de enga\u00f1ar a los ciudadanos mentira tras mentira. No disfracen su incompetencia con los ataques a este Grupo Municipal y empiecen a trabajar por el municipio. Les recuerdo que llevan casi un a\u00f1o de legislatura y a esta fecha ya deber\u00edan tener los presupuestos hechos, \u00bfD\u00f3nde est\u00e1n los presupuestos de 2016?, es una muestra m\u00e1s de su incompetencia prorrogando los presupuestos del Partido Popular\u00bb, subrayan los socialistas en su comunicado.<\/p>\n<p>\u00abPor otra parte, ya est\u00e1 bien de criticar a los concejales del PSOE de Chiva por no asistir a una comisi\u00f3n informativa, cuando sus concejales no asisten a muchas de ellas \u00bfpor qu\u00e9 no les pide tambi\u00e9n la dimisi\u00f3n?, ahondando un poco m\u00e1s en esta cuesti\u00f3n; un socio suyo de gobierno, como Presidente de una comisi\u00f3n informativa; ni siquiera acude, ojo, Presidente de la Comisi\u00f3n informativa, vamos, haga Vd el favor primero de poner orden en su equipo antes de pedir explicaciones a los dem\u00e1s \u00bfQui\u00e9n es Vd para pedir cuentas al PSOE\u00a0de Chiva cuando usted en la pasada legislatura acud\u00eda a poqu\u00edsimas Comisiones informativas y plenos? \u00bfQu\u00e9 ha cambiado?, creemos que se le ha subido el cargo a la cabeza y por ah\u00ed no va bien, el Ayuntamiento no es su cortijo particular\u00bb.<\/p>\n<p>Llegados a este punto, adem\u00e1s le recomiendo que deje de intentar interferir y manipular en el Psoe con mentiras y amenazas. Y hablando de mentiras:\u00a0Durante los pasados meses, ustedes han estado diciendo y publicando que el PSOE de Chiva hab\u00eda pedido la alcald\u00eda los 4 a\u00f1os; en su \u00faltimo art\u00edculo publicado dice que el PSOEde Chiva la pidi\u00f3 para un a\u00f1o. Lo \u00fanico cierto es que el PSOE no hemos querido formar parte de ese Equipo de Gobierno porque no es de izquierdas y que usted es alcalde gracias a los votos del PSOE&#8230; ay, las mentiras tienen las patas muy cortas y Vds la memoria muy fr\u00e1gil. Ustedes\u00a0mucho hablar PP-PSOE, solo recordarles como ya se les ha recordado en varios plenarios que ustedes para llegar al poder han pactado con la extrema derecha de este pueblo. \u00bfC\u00f3mo deber\u00edamos llamar a ese pacto?\u00bb, se interrogan desde el PSOE de Chiva.<\/p>\n<p>\u00abY seguimos con las mentiras: El PSOE de Chiva no vota lo mismo que el PP, no intenten manipular la realidad y la realidad es que el PSOE hace una propuesta en el plenario y la vota a favor quien ve buena la propuesta y quien no la ve buena, vota en contra. No les dimos un cheque en blanco y votaremos lo que sea mejor para el pueblo de Chiva.\u00a0Mienten cuando dicen que no nos preocupamos por el pueblo de Chiva. Un ejemplo, mientras ustedes con el tema del IBI solo proponen una bajada ficticia para los ciudadanos, el PSOE llev\u00f3 al plenario una propuesta para que se bajara el IBI tambi\u00e9n a las empresas (comercios, bares\u2026.) y fuimos m\u00e1s all\u00e1 pidiendo que se haga una revisi\u00f3n a la baja del valor catastral, que es lo que verdaderamente bajar\u00eda el recibo. Curiosidades de la vida, esta propuesta del Psoe han intentado Vds apropi\u00e1rsela como suya y no lo es.\u00a0Y saben cu\u00e1l es el problema?, que lo que realmente pretend\u00edan y siguen pretendiendo es cobrar de forma ILIMITADA por asistencia a los \u00f3rganos colegiados (comisiones informativas, juntas de gobierno local, reuniones de coordinaci\u00f3n\u2026.) vendiendo humo a la gente y diciendo que el \u00fanico liberado es el alcalde.\u00a0Qu\u00e9 paradojas, presentan la misma propuesta que ten\u00eda el PP para cobrar de forma ilimitada, la misma propuesta que hab\u00edan criticado en la anterior legislatura cuando Vds eran oposici\u00f3n\u2026.ay, como se les ve el plumero\u2026.antes como antes y ahora como ahora\u00bb, a\u00f1aden los socialistas chivanos.<\/p>\n<p>\u00abSi quieren cobrar un sueldo \u00bfporqu\u00e9 de una vez no llevan las liberaciones al plenario?, \u00bfpor qu\u00e9 no lo hacen en vez de ir de v\u00edctimas? Se\u00f1ores, hagan las cosas como se tienen que hacer y dejen ya de contar mentiras disfrazando la realidad.\u00a0Solo recordarles una cosa, no les dimos un cheque en blanco. Dejen de mentir y ded\u00edquense a trabajar\u00bb, finalizan desde el PSPV-PSOE de Chiva en su comunicado.<\/p>\n<p>&nbsp;<\/p>\n","protected":false},"excerpt":{"rendered":"<div class=\"mh-excerpt\">\u00abUna vez m\u00e1s nos encontramos despu\u00e9s del pleno del pasado viernes con la reacci\u00f3n desmedida y sin sentido de un gobierno que va sin rumbo.\u00a0A d\u00eda de hoy y despu\u00e9s de la reacci\u00f3n durante estos <a class=\"mh-excerpt-more\" href=\"https:\/\/www.tucomarca.com\/wordpress\/segunda\/el-psoe-acusa-al-pentapartito-del-ayuntamiento-de-chiva-de-ser-un-gobierno-sin-rumbo\/\" title=\"El PSOE acusa al pentapartito del Ayuntamiento de Chiva de \u00abser un gobierno sin rumbo\u00bb\">[+] <\/a><\/div>\n","protected":false},"author":1,"featured_media":0,"comment_status":"open","ping_status":"open","sticky":false,"template":"","format":"standard","meta":{"footnotes":""},"categories":[16,8,10,142,3],"tags":[],"class_list":{"0":"post-46974","1":"post","2":"type-post","3":"status-publish","4":"format-standard","6":"category-chiva","7":"category-la-comarca","8":"category-la-hoya","9":"category-politica-la-comarca","10":"category-seccion"},"_links":{"self":[{"href":"https:\/\/www.tucomarca.com\/wordpress\/segunda\/wp-json\/wp\/v2\/posts\/46974","targetHints":{"allow":["GET"]}}],"collection":[{"href":"https:\/\/www.tucomarca.com\/wordpress\/segunda\/wp-json\/wp\/v2\/posts"}],"about":[{"href":"https:\/\/www.tucomarca.com\/wordpress\/segunda\/wp-json\/wp\/v2\/types\/post"}],"author":[{"embeddable":true,"href":"https:\/\/www.tucomarca.com\/wordpress\/segunda\/wp-json\/wp\/v2\/users\/1"}],"replies":[{"embeddable":true,"href":"https:\/\/www.tucomarca.com\/wordpress\/segunda\/wp-json\/wp\/v2\/comments?post=46974"}],"version-history":[{"count":0,"href":"https:\/\/www.tucomarca.com\/wordpress\/segunda\/wp-json\/wp\/v2\/posts\/46974\/revisions"}],"wp:attachment":[{"href":"https:\/\/www.tucomarca.com\/wordpress\/segunda\/wp-json\/wp\/v2\/media?parent=46974"}],"wp:term":[{"taxonomy":"category","embeddable":true,"href":"https:\/\/www.tucomarca.com\/wordpress\/segunda\/wp-json\/wp\/v2\/categories?post=46974"},{"taxonomy":"post_tag","embeddable":true,"href":"https:\/\/www.tucomarca.com\/wordpress\/segunda\/wp-json\/wp\/v2\/tags?post=46974"}],"curies":[{"name":"wp","href":"https:\/\/api.w.org\/{rel}","templated":true}]}}